{"id":70916,"date":"2019-12-21T15:50:03","date_gmt":"2019-12-21T20:50:03","guid":{"rendered":"https:\/\/linitiative.ca\/International\/accord-franco-africain-pour-une-profonde-reforme-du-franc-cfa-qui-deviendra-leco\/"},"modified":"2019-12-21T15:50:03","modified_gmt":"2019-12-21T20:50:03","slug":"accord-franco-africain-pour-une-profonde-reforme-du-franc-cfa-qui-deviendra-leco","status":"publish","type":"post","link":"https:\/\/linitiative.ca\/International\/accord-franco-africain-pour-une-profonde-reforme-du-franc-cfa-qui-deviendra-leco\/","title":{"rendered":"Accord franco-africain pour une profonde r\u00e9forme du franc CFA qui deviendra l\u2019Eco"},"content":{"rendered":"<div readability=\"32\">\n<p>Publi\u00e9 le 21.12.2019 \u00e0 21h50 par AFP<\/p>\n<\/div>\n<div readability=\"89\">\n<p>Huit pays d\u2019Afrique de l\u2019Ouest et la France ont d\u00e9cid\u00e9 une r\u00e9forme d\u2019envergure du franc CFA, qui va changer de nom pour s\u2019appeler l\u2019Eco, a annonc\u00e9 samedi le pr\u00e9sident ivoirien Alassane Ouattara en pr\u00e9sence d\u2019Emmanuel Macron.<\/p>\n<p>\u00ab\u00a0Nous avons d\u00e9cid\u00e9 une r\u00e9forme du franc CFA avec trois changements majeurs (\u2026) dont le changement de nom\u00a0\u00bb et \u00ab\u00a0l\u2019arr\u00eat de la centralisation de 50% des r\u00e9serves au Tr\u00e9sor fran\u00e7ais\u00a0\u00bb, a d\u00e9clar\u00e9 M. Ouattara au cours d\u2019une conf\u00e9rence de presse au deuxi\u00e8me jour de la visite du pr\u00e9sident fran\u00e7ais en C\u00f4te d\u2019Ivoire.<\/p>\n<p>Troisi\u00e8me point de la r\u00e9forme: la France va se retirer \u00ab\u00a0des instances de gouvernance dans lesquelles elle \u00e9tait pr\u00e9sente\u00a0\u00bb.<\/p>\n<p>Emmanuel Macron a qualifi\u00e9 de \u00ab\u00a0r\u00e9forme historique majeure\u00a0\u00bb cette d\u00e9cision. \u00ab\u00a0L\u2019Eco verra le jour en 2020, je m\u2019en f\u00e9licite\u00a0\u00bb, a-t-il ajout\u00e9, en estimant que le franc CFA \u00e9tait \u00ab\u00a0per\u00e7u comme l\u2019un des vestiges de la Fran\u00e7afrique\u00a0\u00bb.<\/p>\n<p>Cette r\u00e9forme a \u00e9t\u00e9 n\u00e9goci\u00e9e depuis six mois, selon une source fran\u00e7aise, entre la France et les huit pays de l\u2019Union Economique et Mon\u00e9taire Ouest Africaine (UEMOA): B\u00e9nin, Burkina Faso, C\u00f4te d\u2019Ivoire, Guin\u00e9e-Bissau, Mali, Niger, S\u00e9n\u00e9gal et Togo.<\/p>\n<p>Elle ne concerne pas pour l\u2019instant les six pays d\u2019Afrique centrale qui utilisent le franc CFA mais qui forment une zone mon\u00e9taire distincte.<\/p>\n<p>Paris s\u2019\u00e9tait dit \u00ab\u00a0ouvert\u00a0\u00bb \u00e0 cette \u00e9volution apr\u00e8s de multiples discussions avec les capitales africaines, tandis que la pol\u00e9mique au sujet de cette monnaie avait de nouveau pris de l\u2019ampleur ces derniers mois.<\/p>\n<p>Le \u00ab\u00a0franc des colonies fran\u00e7aises d\u2019Afrique\u00a0\u00bb a \u00e9t\u00e9 cr\u00e9\u00e9 en 1945 et \u00e9tait devenu le \u00ab\u00a0franc de la Communaut\u00e9 financi\u00e8re africaine\u00a0\u00bb apr\u00e8s les ind\u00e9pendances.<\/p>\n<p>La r\u00e9forme pr\u00e9voit que les banques centrales d\u2019Afrique de l\u2019Ouest ne devront plus d\u00e9poser la moiti\u00e9 de leurs r\u00e9serves de change aupr\u00e8s de la Banque de France, une obligation qui \u00e9tait aussi per\u00e7ue comme une d\u00e9pendance humiliante vis-\u00e0-vis de la France par les d\u00e9tracteurs du FCFA.<\/p>\n<p>En revanche, la parit\u00e9 fixe avec l\u2019euro du franc CFA, le futur Eco, est maintenue (1 euro = 655,96 francs CFA), mais ce point est appel\u00e9 \u00e0 \u00e9voluer lorsque la monnaie commune ouest-africaine verra le jour.<\/p>\n<\/div>\n<p>Auteur: AFP<br \/>\n<a href=\"https:\/\/www.journalducameroun.com\/accord-franco-africain-pour-une-profonde-reforme-du-franc-cfa-qui-deviendra-leco\/\">Cliquez ici pour lire l&rsquo;article depuis sa source.<\/a><\/p>\n","protected":false},"excerpt":{"rendered":"<p>Publi\u00e9 le 21.12.2019 \u00e0 21h50 par AFP Huit pays d\u2019Afrique de l\u2019Ouest et la France ont d\u00e9cid\u00e9 une r\u00e9forme d\u2019envergure du franc CFA, qui va changer de nom pour s\u2019appeler l\u2019Eco, a annonc\u00e9 samedi le pr\u00e9sident ivoirien Alassane Ouattara en pr\u00e9sence d\u2019Emmanuel Macron. \u00ab\u00a0Nous avons d\u00e9cid\u00e9 une r\u00e9forme du franc CFA avec trois changements majeurs [&hellip;]<\/p>\n","protected":false},"author":1965,"featured_media":0,"comment_status":"closed","ping_status":"closed","sticky":false,"template":"","format":"standard","meta":{"fifu_image_url":"","fifu_image_alt":"","footnotes":""},"categories":[73,82],"tags":[],"class_list":["post-70916","post","type-post","status-publish","format-standard","hentry","category-actualite","category-cameroun"],"_links":{"self":[{"href":"https:\/\/linitiative.ca\/International\/wp-json\/wp\/v2\/posts\/70916","targetHints":{"allow":["GET"]}}],"collection":[{"href":"https:\/\/linitiative.ca\/International\/wp-json\/wp\/v2\/posts"}],"about":[{"href":"https:\/\/linitiative.ca\/International\/wp-json\/wp\/v2\/types\/post"}],"author":[{"embeddable":true,"href":"https:\/\/linitiative.ca\/International\/wp-json\/wp\/v2\/users\/1965"}],"replies":[{"embeddable":true,"href":"https:\/\/linitiative.ca\/International\/wp-json\/wp\/v2\/comments?post=70916"}],"version-history":[{"count":0,"href":"https:\/\/linitiative.ca\/International\/wp-json\/wp\/v2\/posts\/70916\/revisions"}],"wp:attachment":[{"href":"https:\/\/linitiative.ca\/International\/wp-json\/wp\/v2\/media?parent=70916"}],"wp:term":[{"taxonomy":"category","embeddable":true,"href":"https:\/\/linitiative.ca\/International\/wp-json\/wp\/v2\/categories?post=70916"},{"taxonomy":"post_tag","embeddable":true,"href":"https:\/\/linitiative.ca\/International\/wp-json\/wp\/v2\/tags?post=70916"}],"curies":[{"name":"wp","href":"https:\/\/api.w.org\/{rel}","templated":true}]}}