{"id":70918,"date":"2019-12-22T06:21:06","date_gmt":"2019-12-22T11:21:06","guid":{"rendered":"https:\/\/linitiative.ca\/International\/les-chiens-errants-dagadir\/"},"modified":"2019-12-22T06:21:06","modified_gmt":"2019-12-22T11:21:06","slug":"les-chiens-errants-dagadir","status":"publish","type":"post","link":"https:\/\/linitiative.ca\/International\/les-chiens-errants-dagadir\/","title":{"rendered":"Les chiens errants d\u2019Agadir"},"content":{"rendered":"<p class=\"has-text-color has-vivid-cyan-blue-color\"><strong>Le ph\u00e9nom\u00e8ne des chiens errants dans la capitale du Souss refait l\u2019actualit\u00e9 ces derniers temps. Nombre de quartiers et de rocades de la ville sont infest\u00e9s de ces f\u00e9lins, offrant un spectacle aussi piteux que d\u00e9go\u00fbtant.<\/strong><\/p>\n<p>D\u2019autant plus que les passants et les motoris\u00e9s sont quasiment r\u00e9volt\u00e9s par cet \u00e9tat qui prend de plus en plus de l\u2019ampleur. A titre d\u2019exemple, des hordes de chiens qui peuvent atteindre la trentaine r\u00f4dent constamment dans le fameux rond-point qui m\u00e8ne \u00e0 la double voie du quartier Dakhla. Une situation scandaleuse qui suscite \u00e9c\u0153urement et d\u00e9plaisante.<\/p>\n<p>Le pire dans cette affaire r\u00e9pugnante, c\u2019est qu\u2019on proc\u00e8de au ramassage de ces b\u00eates en vrac. Il faut rappeler qu\u2019avant on se mettait \u00e0 massacrer \u00e0 coups de fusils ces pauvres animaux. On se souvient du c\u00e9l\u00e8bre Bouchta auquel on confiait cette sale besogne\u00a0! Une fois collect\u00e9s, ces carnivores sont plac\u00e9s dans un enclos en nombre grandissant. Ils sont abandonn\u00e9s \u00e0 leur sort, pendant des jours sans nourritures ni int\u00e9r\u00eats.<\/p>\n<p>Au fil du temps, terriblement affam\u00e9s, pris de rage et d\u2019agression, ils commen\u00e7aient \u00e0 se d\u00e9vorer les uns les autres, d\u2019une fa\u00e7on naus\u00e9euse, sans aucune r\u00e9action de la part des responsables de ces entrep\u00f4ts pour animaux.<\/p>\n<p>Une situation d\u00e9plorable et inhumaine dont les incidences sont plut\u00f4t iniques. Aucun respect ni apitoiement envers ces animaux jet\u00e9s dans l\u2019enfer du massacre fratricide. Comment peut-accepter cette attitude abominable avec laquelle on traite ces b\u00eates abandonn\u00e9s \u00e0 leur sort? On ne peut alors que d\u00e9plorer cette situation dont certaines s\u00e9quences vivantes font aujourd\u2019hui le tour de la cit\u00e9, sous les cris d\u2019indignation et de col\u00e8re tant des citoyens que les visiteurs d\u2019autres horizons de la plan\u00e8te. Une image indigne qui fait horreur tellement elle est d\u2019un cynisme. Une affaire \u00e0 suivre!<\/p>\n<p>Auteur: M&rsquo;hammed rahal<br \/>\n<a href=\"http:\/\/albayane.press.ma\/les-chiens-errants-dagadir.html\">Cliquez ici pour lire l&rsquo;article depuis sa source.<\/a><\/p>\n","protected":false},"excerpt":{"rendered":"<p>Le ph\u00e9nom\u00e8ne des chiens errants dans la capitale du Souss refait l\u2019actualit\u00e9 ces derniers temps. Nombre de quartiers et de rocades de la ville sont infest\u00e9s de ces f\u00e9lins, offrant un spectacle aussi piteux que d\u00e9go\u00fbtant. D\u2019autant plus que les passants et les motoris\u00e9s sont quasiment r\u00e9volt\u00e9s par cet \u00e9tat qui prend de plus en [&hellip;]<\/p>\n","protected":false},"author":1760,"featured_media":0,"comment_status":"closed","ping_status":"closed","sticky":false,"template":"","format":"standard","meta":{"fifu_image_url":"","fifu_image_alt":"","footnotes":""},"categories":[73,54],"tags":[],"class_list":["post-70918","post","type-post","status-publish","format-standard","hentry","category-actualite","category-maroc"],"_links":{"self":[{"href":"https:\/\/linitiative.ca\/International\/wp-json\/wp\/v2\/posts\/70918","targetHints":{"allow":["GET"]}}],"collection":[{"href":"https:\/\/linitiative.ca\/International\/wp-json\/wp\/v2\/posts"}],"about":[{"href":"https:\/\/linitiative.ca\/International\/wp-json\/wp\/v2\/types\/post"}],"author":[{"embeddable":true,"href":"https:\/\/linitiative.ca\/International\/wp-json\/wp\/v2\/users\/1760"}],"replies":[{"embeddable":true,"href":"https:\/\/linitiative.ca\/International\/wp-json\/wp\/v2\/comments?post=70918"}],"version-history":[{"count":0,"href":"https:\/\/linitiative.ca\/International\/wp-json\/wp\/v2\/posts\/70918\/revisions"}],"wp:attachment":[{"href":"https:\/\/linitiative.ca\/International\/wp-json\/wp\/v2\/media?parent=70918"}],"wp:term":[{"taxonomy":"category","embeddable":true,"href":"https:\/\/linitiative.ca\/International\/wp-json\/wp\/v2\/categories?post=70918"},{"taxonomy":"post_tag","embeddable":true,"href":"https:\/\/linitiative.ca\/International\/wp-json\/wp\/v2\/tags?post=70918"}],"curies":[{"name":"wp","href":"https:\/\/api.w.org\/{rel}","templated":true}]}}