{"id":70919,"date":"2019-12-22T06:38:38","date_gmt":"2019-12-22T11:38:38","guid":{"rendered":"https:\/\/linitiative.ca\/International\/message-royal-aux-assises-nationales-sur-la-regionalisation-avancee\/"},"modified":"2019-12-22T06:38:38","modified_gmt":"2019-12-22T11:38:38","slug":"message-royal-aux-assises-nationales-sur-la-regionalisation-avancee","status":"publish","type":"post","link":"https:\/\/linitiative.ca\/International\/message-royal-aux-assises-nationales-sur-la-regionalisation-avancee\/","title":{"rendered":"Message royal aux Assises nationales sur la r\u00e9gionalisation avanc\u00e9e"},"content":{"rendered":"<p class=\"has-text-color has-vivid-red-color c2\"><strong>Un nouveau souffle sur le chantier r\u00e9gional<\/strong><\/p>\n<p class=\"has-text-color has-vivid-cyan-blue-color\"><strong>Les Assises Nationales autour du concept de la\u00a0 r\u00e9gionalisation avanc\u00e9e a ouvert ses portes hier vendredi, en pr\u00e9sence de plus de 1500 participants, dont notamment des \u00e9lus, des experts, des universitaires; des institutionnels, outre des repr\u00e9sentants de la soci\u00e9t\u00e9 civile.<\/strong><\/p>\n<p>La s\u00e9ance d\u2019ouverture a \u00e9t\u00e9 marqu\u00e9e par le message royal adress\u00e9 aux s\u00e9minaristes, dont lecture a \u00e9t\u00e9 faite par le ministre de l\u2019Int\u00e9rieur Abdelouahed Laftit. Par la suite, le message royal a \u00e9t\u00e9 suivi de l\u2019allocution du pr\u00e9sident de l\u2019association des pr\u00e9sidents des conseils r\u00e9gionaux du Maroc, coorganisateur de l\u2019\u00e9v\u00e9nement avec le Minist\u00e8re de l\u2019Int\u00e9rieur.<\/p>\n<p>Dans son message, Sa Majest\u00e9 le Roi a mis en exergue la place primordiale qu\u2019occupe la d\u00e9centralisation dans le choix strat\u00e9gique de la construction du syst\u00e8me politique et de l\u2019organisation administrative.<\/p>\n<p>Par ailleurs, il a mis l\u2019accent sur la n\u00e9cessit\u00e9 de continuer \u00e0 amorcer une concertation efficace parmi les comp\u00e9tences assign\u00e9es aux r\u00e9gions, \u00e0 travers une approche participative pour attribuer au premier mandat une \u00e9tape de construction fondamentale qui a jet\u00e9 les assises de cet important chantier.<\/p>\n<p>Le mandat actuel, poursuit le message, constitue un temps fondateur dans la dynamique de concr\u00e9tisation de la nouvelle vision d\u00e9centralis\u00e9e de l\u2019organisation territoriale.<\/p>\n<p>Dans le m\u00eame ordre d\u2019id\u00e9es, il est question de mettre \u00e0 profit les m\u00e9canismes contractuels \u00e9tablis entre les r\u00e9gions, l\u2019Etat et le reste des intervenants, en vue d\u2019\u00e9laborer et de mener \u00e0 bien les projets de d\u00e9veloppement prioritaires.<\/p>\n<p>Le message royal, plein d\u2019enseignement et de volontarisme, a repr\u00e9sent\u00e9 une plate-forme \u00e9difiante pour engager une r\u00e9flexion approfondie, une \u00e9tude constructive et un dialogue s\u00e9rieux afin de dresser un bilan rigoureux de la mise en \u0153uvre du chantier de la r\u00e9gionalisation avanc\u00e9e.<\/p>\n<p>Une opportunit\u00e9 \u00e9galement pour \u00e9voquer les axes essentiels et les volets vitaux de la d\u00e9centralisation, notamment la gouvernance, la gestion financi\u00e8re, la planification des projets et des programmes, l\u2019accompagnement, le suivi et l\u2019\u00e9valuation, le traitement des investissements, \u00e0 l\u2019aune de la r\u00e9forme des centres r\u00e9gionaux de l\u2019investissement\u2026<\/p>\n<p><strong>Une \u00e9valuation d\u2019\u00e9tape<\/strong><\/p>\n<p>Soulignons que le Souverain a invit\u00e9 les participants, notamment les R\u00e9gions, \u00e0 proc\u00e9der \u00e0 \u00abune \u00e9valuation d\u2019\u00e9tape\u00bb\u00a0 pour aller de l\u2019avant, sachant que \u00able but ultime est de garantir l\u2019efficacit\u00e9 de ces projets et de parvenir \u00e0 faire converger les diff\u00e9rentes politiques et les divers programmes publics au niveau r\u00e9gional\u2026 et \u00a0de dresser un bilan rigoureux de la mise en \u0153uvre du chantier de la R\u00e9gionalisation avanc\u00e9e\u00bb.<\/p>\n<p>SM le Roi a insist\u00e9 pour que ces travaux soient ponctu\u00e9s de conclusions efficaces. \u00abNous attendons aussi que ces travaux d\u00e9bouchent sur des recommandations pratiques, qui permettront de relever le d\u00e9fi du d\u00e9veloppement r\u00e9gional, de r\u00e9duire les disparit\u00e9s existantes, d\u2019am\u00e9liorer l\u2019attractivit\u00e9 et la comp\u00e9titivit\u00e9 au niveau des territoires\u2019\u2019, a relev\u00e9 le Souverain, ajoutant qu\u2019il importe de s\u2019ouvrir aux m\u00e9canismes modernes de gouvernance financi\u00e8re, d\u2019assurer l\u2019efficacit\u00e9 de toutes les formes de d\u00e9mocratie participative, d\u2019\u00e9riger cette derni\u00e8re en levier majeur de d\u00e9veloppement socio-\u00e9conomique int\u00e9gr\u00e9 et durable\u00bb, a notamment affirm\u00e9 le Souverain.<\/p>\n<p><strong>L\u2019exp\u00e9rience de nos provinces du Sud<\/strong><\/p>\n<p>Il est donc indispensable, selon le message, de \u00abd\u00e9battre autour de l\u2019exp\u00e9rience accumul\u00e9e durant les quatre derni\u00e8res ann\u00e9es\u00bb, en marquant \u00abun temps d\u2019arr\u00eat pour mener de mani\u00e8re approfondie une \u00e9valuation de la situation pr\u00e9sente, afin d\u2019envisager une nouvelle phase d\u2019action\u00bb.<\/p>\n<p>Cette derni\u00e8re devra s\u2019inscrire \u00abdans la continuit\u00e9\u00bb, et \u00abpermettre d\u2019affermir les r\u00e8gles de bonne gouvernance dans la gestion des affaires des R\u00e9gions et d\u2019aplanir les obstacles jusqu\u2019ici rencontr\u00e9s\u2019\u00bb, a indiqu\u00e9 le Souverain.<\/p>\n<p>Par ailleurs, le message royal a insist\u00e9 sur la n\u00e9cessit\u00e9 de mettre \u00aben place d\u2019une politique r\u00e9gionale clairement d\u00e9finie et r\u00e9alisable en mati\u00e8re \u00e9conomique, sociale, culturelle et environnementale\u00bb\u2026<\/p>\n<p>Et de poursuivre \u00abUn tel processus doit \u00eatre men\u00e9 en accord avec une politique publique int\u00e9grant la dimension r\u00e9gionale, s\u2019appuyant sur une \u00e9conomie forte et efficiente, g\u00e9n\u00e9ratrice de croissance, pourvoyeuse d\u2019emplois et garante de justice sociale et s\u2019attachant \u00e0 conf\u00e9rer une efficacit\u00e9 accrue aux programmes et aux projets entrepris au niveau territorial pour qu\u2019ils puissent profiter r\u00e9ellement aux b\u00e9n\u00e9ficiaires cibl\u00e9s\u00a0\u00bb\u2026<\/p>\n<p><strong>Ouverture sur la coop\u00e9ration internationale<\/strong><\/p>\n<p>Et comme base de d\u00e9part, SM le Roi a rappel\u00e9 l\u2019exp\u00e9rience de \u00abNos provinces r\u00e9cup\u00e9r\u00e9es du Sud\u00bb o\u00f9 \u00abNous avons mis en chantier un mod\u00e8le de d\u00e9veloppement int\u00e9gr\u00e9, respectant les sp\u00e9cificit\u00e9s de la r\u00e9gion et s\u2019appuyant sur un large \u00e9ventail de chantiers structurants, mis au service de sa population et destin\u00e9s \u00e0 satisfaire ses attentes\u00bb.<\/p>\n<p>Outre une ouverture \u00e0 l\u2019investissement du service priv\u00e9, le Souverain pr\u00e9conise aussi le \u00abrenforcement de la coop\u00e9ration d\u00e9centralis\u00e9e internationale en tant que levier d\u2019accompagnement du chantier de la r\u00e9gionalisation avanc\u00e9e, \u00e0 la mise en place de nouveaux partenariats strat\u00e9giques capables de s\u2019ajuster \u00e0 l\u2019action ambitieuse men\u00e9e par la diplomatie marocaine \u00e0 l\u2019\u00e9chelle africaine\u00bb.<\/p>\n<p>Il est \u00e0 signaler qu\u2019au terme de cette s\u00e9ance inaugurale du premier colloque national de la r\u00e9gionalisation avanc\u00e9e, il a \u00e9t\u00e9 proc\u00e9d\u00e9 \u00e0 la signature d\u2019une panoplie de conventions entre les d\u00e9partements gouvernementaux et des conseils r\u00e9gionaux.<\/p>\n<p>Cette c\u00e9r\u00e9monie \u00e9tait suivie d\u2019ateliers th\u00e9matiques et sectoriels auxquels les congressistes prennent part, juste apr\u00e8s une projection relative \u00e0 une d\u00e9monstration des diff\u00e9rentes r\u00e9alisations des r\u00e9gions.<\/p>\n<p>Les travaux des ateliers se poursuivront ce samedi pour d\u00e9boucher sur les recommandations du colloque, aux termes de d\u00e9bats fructueux et approfondies relatant les acquis mais aussi les \u00e9cueils et les tares qui continuent \u00e0 entraver la mise en place de la r\u00e9gionalisation avanc\u00e9e.<\/p>\n<p class=\"c3\"><strong>Saoudi El Amalki<\/strong><\/p>\n<p>Auteur: M&rsquo;hammed rahal<br \/>\n<a href=\"http:\/\/albayane.press.ma\/message-royal-aux-assises-nationales-sur-la-regionalisation-avancee.html\">Cliquez ici pour lire l&rsquo;article depuis sa source.<\/a><\/p>\n","protected":false},"excerpt":{"rendered":"<p>Un nouveau souffle sur le chantier r\u00e9gional Les Assises Nationales autour du concept de la\u00a0 r\u00e9gionalisation avanc\u00e9e a ouvert ses portes hier vendredi, en pr\u00e9sence de plus de 1500 participants, dont notamment des \u00e9lus, des experts, des universitaires; des institutionnels, outre des repr\u00e9sentants de la soci\u00e9t\u00e9 civile. La s\u00e9ance d\u2019ouverture a \u00e9t\u00e9 marqu\u00e9e par le [&hellip;]<\/p>\n","protected":false},"author":1760,"featured_media":0,"comment_status":"closed","ping_status":"closed","sticky":false,"template":"","format":"standard","meta":{"fifu_image_url":"","fifu_image_alt":"","footnotes":""},"categories":[73,54],"tags":[],"class_list":["post-70919","post","type-post","status-publish","format-standard","hentry","category-actualite","category-maroc"],"_links":{"self":[{"href":"https:\/\/linitiative.ca\/International\/wp-json\/wp\/v2\/posts\/70919","targetHints":{"allow":["GET"]}}],"collection":[{"href":"https:\/\/linitiative.ca\/International\/wp-json\/wp\/v2\/posts"}],"about":[{"href":"https:\/\/linitiative.ca\/International\/wp-json\/wp\/v2\/types\/post"}],"author":[{"embeddable":true,"href":"https:\/\/linitiative.ca\/International\/wp-json\/wp\/v2\/users\/1760"}],"replies":[{"embeddable":true,"href":"https:\/\/linitiative.ca\/International\/wp-json\/wp\/v2\/comments?post=70919"}],"version-history":[{"count":0,"href":"https:\/\/linitiative.ca\/International\/wp-json\/wp\/v2\/posts\/70919\/revisions"}],"wp:attachment":[{"href":"https:\/\/linitiative.ca\/International\/wp-json\/wp\/v2\/media?parent=70919"}],"wp:term":[{"taxonomy":"category","embeddable":true,"href":"https:\/\/linitiative.ca\/International\/wp-json\/wp\/v2\/categories?post=70919"},{"taxonomy":"post_tag","embeddable":true,"href":"https:\/\/linitiative.ca\/International\/wp-json\/wp\/v2\/tags?post=70919"}],"curies":[{"name":"wp","href":"https:\/\/api.w.org\/{rel}","templated":true}]}}