{"id":70922,"date":"2019-12-22T06:57:35","date_gmt":"2019-12-22T11:57:35","guid":{"rendered":"https:\/\/linitiative.ca\/International\/fatema-mernissi-la-savante-et-lengagement\/"},"modified":"2019-12-22T06:57:35","modified_gmt":"2019-12-22T11:57:35","slug":"fatema-mernissi-la-savante-et-lengagement","status":"publish","type":"post","link":"https:\/\/linitiative.ca\/International\/fatema-mernissi-la-savante-et-lengagement\/","title":{"rendered":"Fatema Mernissi: la savante et l\u2019engagement"},"content":{"rendered":"<p class=\"has-text-color has-vivid-cyan-blue-color\"><strong>Une militante de la premi\u00e8re heure\u00a0! Fatema Mernissi est l\u2019une des voix de la sociologie ayant consacr\u00e9 leur vie aux d\u00e9bats, \u00e0 la recherche, au militantisme.<\/strong><\/p>\n<p>Sociologue, f\u00e9ministe, universitaire, Mernissi a enrichi le paysage culturel national\u00a0 et international avec une panoplie d\u2019ouvrages, entre autres \u00abLa Peur-Modernit\u00e9 : conflit islam d\u00e9mocratie\u00bb, \u00abLe Harem et l\u2019Occident\u00bb, \u00abLes Sindbads marocains, Voyage dans le Maroc civique\u00bb, \u00abR\u00eaves de femmes : une enfance au harem, pour ne citer que ceux-l\u00e0.<\/p>\n<p>En effet, la maison d\u2019\u00e9dition \u00ab\u00a0La Crois\u00e9e des Chemins\u00bb lui rend un vibrant hommage en publiant un collectif de 156 pages intitul\u00e9 \u00abFatema Mernissi: la savante et l\u2019engagement<strong>\u00bb<\/strong> regroupant une belle brochette de plumes arabophones et francophones dont Aicha Belarbi, Ali Amahan, Driss Guerraoui, Driss Ksikes, Houriya Cherif Haoaut, Jalila Sba\u00ef, Latifa El Bouhsini, Miloudi Belmir, Mouhcine Ayouch, Najia Elboudali, Noureddine Saoudi, Nouzha Guessous, Rab\u00e9a Naciri, Wafae Guessous, Zakya Daoud, Ahmed Taoufiq Zinebi, Amina Lamrini, Saadia Wadah, Touria Saoudi, Dayma Benkhouma, Said Boukhlitt, Abdelfettah Zine, Adnane Jazouli, Fatema Raji, Latefa Jbabdi, Leila Majdouli, Moukhtar El Harras, Nourreddine Mohakik et Yassin Adnan.<\/p>\n<p>\u00abTelle est Fatema Mernissi : une militante f\u00e9ministe intraitable contre l\u2019iniquit\u00e9 sociale et l\u2019exclusion, une scientifique d\u2019envergure internationale et une artiste qui a su r\u00e9activer des figures de notre imaginaire ancestral pour fonder une soci\u00e9t\u00e9 r\u00e9concili\u00e9e avec son pass\u00e9, ouverte sur le pr\u00e9sent et pench\u00e9e sur la n\u00e9cessit\u00e9 de construire un avenir fait de modernit\u00e9, de justice et d\u2019\u00e9quit\u00e9 o\u00f9 la femme et le f\u00e9minin constituent des forces actives susceptibles de nourrir les projets de d\u00e9veloppement et de progr\u00e8s\u00bb, a \u00e9crit Driss El Yazami dans la pr\u00e9face du livre. \u00abSa disparition est, pour nous tous, une perte qui r\u00e9sonne tr\u00e8s douloureusement en des temps o\u00f9 nous avons tant besoin d\u2019une penseuse humaniste, courageuse et \u00e9clair\u00e9e.<\/p>\n<p>Mais l\u2019esprit ne meurt jamais surtout quand il est comme le sien p\u00e9tri de noblesse et de volont\u00e9 du meilleur. C\u2019est pour cela que notre gratitude \u00e0 son \u00e9gard se veut, avant toute chose, fid\u00e9lit\u00e9 \u00e0 sa m\u00e9moire et volont\u00e9 affich\u00e9e de p\u00e9renniser sa pens\u00e9e et son \u0153uvre \u00bb, a-t-il ajout\u00e9. En outre, ce livre r\u00e9unissant les diff\u00e9rents t\u00e9moignages croise les regards sur la vie et l\u2019\u0153uvre d\u2019une plume engag\u00e9e et d\u2019une femme \u00e9clair\u00e9e.<\/p>\n<p class=\"c2\"><strong>Mohamed Nait Youssef<\/strong><\/p>\n<p>Auteur: M&rsquo;hammed rahal<br \/>\n<a href=\"http:\/\/albayane.press.ma\/fatema-mernissi-la-savante-et-lengagement.html\">Cliquez ici pour lire l&rsquo;article depuis sa source.<\/a><\/p>\n","protected":false},"excerpt":{"rendered":"<p>Une militante de la premi\u00e8re heure\u00a0! Fatema Mernissi est l\u2019une des voix de la sociologie ayant consacr\u00e9 leur vie aux d\u00e9bats, \u00e0 la recherche, au militantisme. Sociologue, f\u00e9ministe, universitaire, Mernissi a enrichi le paysage culturel national\u00a0 et international avec une panoplie d\u2019ouvrages, entre autres \u00abLa Peur-Modernit\u00e9 : conflit islam d\u00e9mocratie\u00bb, \u00abLe Harem et l\u2019Occident\u00bb, \u00abLes [&hellip;]<\/p>\n","protected":false},"author":1760,"featured_media":0,"comment_status":"closed","ping_status":"closed","sticky":false,"template":"","format":"standard","meta":{"fifu_image_url":"","fifu_image_alt":"","footnotes":""},"categories":[73,54],"tags":[],"class_list":["post-70922","post","type-post","status-publish","format-standard","hentry","category-actualite","category-maroc"],"_links":{"self":[{"href":"https:\/\/linitiative.ca\/International\/wp-json\/wp\/v2\/posts\/70922","targetHints":{"allow":["GET"]}}],"collection":[{"href":"https:\/\/linitiative.ca\/International\/wp-json\/wp\/v2\/posts"}],"about":[{"href":"https:\/\/linitiative.ca\/International\/wp-json\/wp\/v2\/types\/post"}],"author":[{"embeddable":true,"href":"https:\/\/linitiative.ca\/International\/wp-json\/wp\/v2\/users\/1760"}],"replies":[{"embeddable":true,"href":"https:\/\/linitiative.ca\/International\/wp-json\/wp\/v2\/comments?post=70922"}],"version-history":[{"count":0,"href":"https:\/\/linitiative.ca\/International\/wp-json\/wp\/v2\/posts\/70922\/revisions"}],"wp:attachment":[{"href":"https:\/\/linitiative.ca\/International\/wp-json\/wp\/v2\/media?parent=70922"}],"wp:term":[{"taxonomy":"category","embeddable":true,"href":"https:\/\/linitiative.ca\/International\/wp-json\/wp\/v2\/categories?post=70922"},{"taxonomy":"post_tag","embeddable":true,"href":"https:\/\/linitiative.ca\/International\/wp-json\/wp\/v2\/tags?post=70922"}],"curies":[{"name":"wp","href":"https:\/\/api.w.org\/{rel}","templated":true}]}}