{"id":70924,"date":"2019-12-22T13:04:09","date_gmt":"2019-12-22T18:04:09","guid":{"rendered":"https:\/\/linitiative.ca\/International\/une-plasticienne-et-un-photographe-croisent-leur-arts-dans-une-exposition-commune-a-alger\/"},"modified":"2019-12-22T13:04:09","modified_gmt":"2019-12-22T18:04:09","slug":"une-plasticienne-et-un-photographe-croisent-leur-arts-dans-une-exposition-commune-a-alger","status":"publish","type":"post","link":"https:\/\/linitiative.ca\/International\/une-plasticienne-et-un-photographe-croisent-leur-arts-dans-une-exposition-commune-a-alger\/","title":{"rendered":"Une plasticienne et un photographe croisent leur arts dans une exposition commune \u00e0 Alger\u00a0"},"content":{"rendered":"<div readability=\"37\">\n<p><strong>ALGER- Une exposition d&rsquo;art pictural r\u00e9unissant des \u0153uvres sur le patrimoine culturel et naturel de l&rsquo;Alg\u00e9rie, du photographe Mohamed Fouad Belkacem, et celles de la plasticienne Asma Hamza c\u00e9l\u00e9brant\u00a0la calligraphie et le mandala, a \u00e9t\u00e9 inaugur\u00e9e samedi \u00e0 Alger.<\/strong><\/p>\n<\/div>\n<div readability=\"74\">\n<p>Organis\u00e9e par l&rsquo;Agence alg\u00e9rienne pour le rayonnement culturel (Aarc), cette exposition intitul\u00e9e \u00ab\u00a0La crois\u00e9e des deux arts\u00a0\u00bb se tient \u00e0 la villa Dar Abdeltif.<\/p>\n<p>Photographe autodidacte, Mohamed Fouad Belkacem propose un carnet de voyage dans le grand sud avec des clich\u00e9s consacr\u00e9s au patrimoine touareg et \u00e0 la f\u00eate de la Sebiba (patrimoine mondial de l&rsquo;humanit\u00e9) o\u00f9 le costume traditionnel confectionn\u00e9 pour l&rsquo;occasion tient une place centrale.<\/p>\n<p><em><strong>Une autre collection se focalise sur les paysages f\u00e9eriques du Tassili \u00e0 Djanet, le pic de l&rsquo;Askrem dans l&rsquo;Ahaggar, les dunes de Taghit ainsi que sur la flore dans le Tassili N&rsquo;Ajjer \u00e9galement class\u00e9 au patrimoine\u00a0mondiale de l&rsquo;Unesco.<\/strong><\/em><\/p>\n<p>Deux villes captivent l&rsquo;objectif du photographe: Oran et Tlemcen repr\u00e9sent\u00e9es dans cette exposition par des photographies prises dans le Palais du Bey et le Palais du Mechouar, deux monuments \u00e0 l&rsquo;architecture\u00a0caract\u00e9ristique.<\/p>\n<p>La plasticienne Asma Hamza propose pour sa part une collection contemporaine alliant l&rsquo;art du mandala tib\u00e9tain (diagrammes mystiques symboliques) \u00e0 la calligraphie arabe.<\/p>\n<p>\u00ab\u00a0Brouillard dans les pens\u00e9es\u00a0\u00bb, \u00ab\u00a0Fusion intense\u00a0\u00bb, \u00ab\u00a0La naissance d&rsquo;une histoire\u00a0\u00bb, \u00ab\u00a0Un chemin dispers\u00e9, autant d&rsquo;\u0153uvres en acrylique sur toile r\u00e9alis\u00e9es \u00e0 partir de lettres peintes en blanc ou en couleur or, sur fond\u00a0noir.<\/p>\n<p>La plasticienne propose \u00e9galement \u00ab\u00a0Recyclage\u00a0\u00bb, un collage de mat\u00e9riaux de coutures et de petits objets du quotidien, peints en chrome patin\u00e9.<\/p>\n<p><em><strong>D&rsquo;autres \u0153uvres comme \u00ab\u00a0Le d\u00e9but d&rsquo;une pr\u00e9cision\u00a0\u00bb et \u00ab\u00a0Labyrinthe\u00a0\u00bb proposent au visiteur de d\u00e9couvrir la complexit\u00e9 et la pr\u00e9cision de l&rsquo;art du mandala compos\u00e9s de point et traits fins, avec la m\u00eame palette de pr\u00e9dilection de l&rsquo;artiste: le blanc et or sur fond noir.<\/strong><\/em><\/p>\n<p>L&rsquo;exposition \u00ab\u00a0La crois\u00e9e des deux arts\u00a0\u00bb est visible jusqu&rsquo;au 2 janvier prochain.<\/p>\n<\/div>\n<p>Auteur:<br \/>\n<a href=\"http:\/\/www.aps.dz\/culture\/99239-une-plasticienne-et-un-photographe-croisent-leur-arts-dans-une-exposition-commune-a-alger\">Cliquez ici pour lire l&rsquo;article depuis sa source.<\/a><\/p>\n","protected":false},"excerpt":{"rendered":"<p>ALGER- Une exposition d&rsquo;art pictural r\u00e9unissant des \u0153uvres sur le patrimoine culturel et naturel de l&rsquo;Alg\u00e9rie, du photographe Mohamed Fouad Belkacem, et celles de la plasticienne Asma Hamza c\u00e9l\u00e9brant\u00a0la calligraphie et le mandala, a \u00e9t\u00e9 inaugur\u00e9e samedi \u00e0 Alger. Organis\u00e9e par l&rsquo;Agence alg\u00e9rienne pour le rayonnement culturel (Aarc), cette exposition intitul\u00e9e \u00ab\u00a0La crois\u00e9e des deux [&hellip;]<\/p>\n","protected":false},"author":1790,"featured_media":0,"comment_status":"closed","ping_status":"closed","sticky":false,"template":"","format":"standard","meta":{"fifu_image_url":"","fifu_image_alt":"","footnotes":""},"categories":[53,79],"tags":[],"class_list":["post-70924","post","type-post","status-publish","format-standard","hentry","category-algerie","category-culture"],"_links":{"self":[{"href":"https:\/\/linitiative.ca\/International\/wp-json\/wp\/v2\/posts\/70924","targetHints":{"allow":["GET"]}}],"collection":[{"href":"https:\/\/linitiative.ca\/International\/wp-json\/wp\/v2\/posts"}],"about":[{"href":"https:\/\/linitiative.ca\/International\/wp-json\/wp\/v2\/types\/post"}],"author":[{"embeddable":true,"href":"https:\/\/linitiative.ca\/International\/wp-json\/wp\/v2\/users\/1790"}],"replies":[{"embeddable":true,"href":"https:\/\/linitiative.ca\/International\/wp-json\/wp\/v2\/comments?post=70924"}],"version-history":[{"count":0,"href":"https:\/\/linitiative.ca\/International\/wp-json\/wp\/v2\/posts\/70924\/revisions"}],"wp:attachment":[{"href":"https:\/\/linitiative.ca\/International\/wp-json\/wp\/v2\/media?parent=70924"}],"wp:term":[{"taxonomy":"category","embeddable":true,"href":"https:\/\/linitiative.ca\/International\/wp-json\/wp\/v2\/categories?post=70924"},{"taxonomy":"post_tag","embeddable":true,"href":"https:\/\/linitiative.ca\/International\/wp-json\/wp\/v2\/tags?post=70924"}],"curies":[{"name":"wp","href":"https:\/\/api.w.org\/{rel}","templated":true}]}}