{"id":70927,"date":"2019-12-22T13:04:18","date_gmt":"2019-12-22T18:04:18","guid":{"rendered":"https:\/\/linitiative.ca\/International\/la-bibliotheque-principale-dadrar-modele-dexploitation-des-ntic\/"},"modified":"2019-12-22T13:04:18","modified_gmt":"2019-12-22T18:04:18","slug":"la-bibliotheque-principale-dadrar-modele-dexploitation-des-ntic","status":"publish","type":"post","link":"https:\/\/linitiative.ca\/International\/la-bibliotheque-principale-dadrar-modele-dexploitation-des-ntic\/","title":{"rendered":"La biblioth\u00e8que principale d\u2019Adrar \u00ab\u00a0mod\u00e8le\u00a0\u00bb d\u2019exploitation des NTIC"},"content":{"rendered":"<div readability=\"39\">\n<p><strong>ADRAR &#8211; Les participants \u00e0 une session nationale de formation, tenue dimanche \u00e0 Adrar, sur \u00ab\u00a0le raccordement des biblioth\u00e8ques principales \u00e0 un r\u00e9seau num\u00e9rique unifi\u00e9\u00a0\u00bb, ont soulign\u00e9, que \u00ab\u00a0la biblioth\u00e8que principale de lecture d\u2019Adrar constitue un mod\u00e8le en mati\u00e8re d\u2019exploitation des technologies de l\u2019information et de la communication des plus modernes contribuant \u00e0 la gestion num\u00e9ris\u00e9e de pareilles structures et la promotion du lectorat\u00a0\u00bb.<\/strong><\/p>\n<\/div>\n<div readability=\"88.2309316442\">\n<p>La rencontre qui a vu la participation des cadres centraux du minist\u00e8re de la Culture, des techniciens relevant de diff\u00e9rentes biblioth\u00e8ques principales implant\u00e9es \u00e0 travers le pays, a permis de passer en revue le parcours pr\u00f4n\u00e9 depuis 2015 par la biblioth\u00e8que d\u2019Adrar en mati\u00e8re de modernisation et num\u00e9risation \u00e0 la faveur des comp\u00e9tences locales.<\/p>\n<p>Les participants se sont attel\u00e9es, depuis, \u00e0 simplifier les proc\u00e9dures administratives pour atteindre z\u00e9ro papier, tout en optant pour la seule carte identit\u00e9 biom\u00e9trique et le plan d\u2019action portant gestion num\u00e9ris\u00e9e, au diapason des nouvelles normes techniques mondiales, des espaces culturels et leur d\u00e9veloppement, a expliqu\u00e9 le directeur de la biblioth\u00e8que principale d\u2019Adrar, Mustapha Benzita.<\/p>\n<blockquote readability=\"14\">\n<p><em><strong>Le bilan de num\u00e9risation de cette biblioth\u00e8que fait ressortir que l\u2019\u00e9quipe technique charg\u00e9e de cette t\u00e2che a proc\u00e9d\u00e9 par l\u2019ouverture d\u2019un site \u00e9lectronique de la biblioth\u00e8que, la num\u00e9risation de ses prestations notamment la mise au point des programmes informatiques aff\u00e9rents \u00e0 la cr\u00e9ation d\u2019une base de donn\u00e9es, le suivi du mouvement d\u2019ouvrages, la cr\u00e9ation d\u2019une carte de lecteur \u00e9lectronique, son adh\u00e9sion \u00e0 distance et la location \u00e9lectronique pr\u00e9alable du livre, en vue de faciliter le contact du lecteur par message \u00e9lectronique (SMS), a ajout\u00e9 M. Benzita.<\/strong><\/em><\/p>\n<\/blockquote>\n<p>La cr\u00e9ation des statistiques d\u2019adh\u00e9rents et lecteurs, l\u2019organisation des rayonnages et meuble de la structure, le stockage num\u00e9rique des donn\u00e9es, la gestion des biblioth\u00e8ques par la technologie \u00ab\u00a0R&rsquo;fid\u00a0\u00bb permettant d\u2019identifier un objet et d\u2019int\u00e9grer, sans intervention humaine, ces informations dans une base de donn\u00e9es, ainsi que la cr\u00e9ation d\u2019un guichet unique pour la recherche et la saisie d\u2019un ouvrage \u00e0 distance, font partie des missions d\u00e9volues \u00e0 cette \u00e9quipe.<\/p>\n<hr\/>\n<h3>Lire aussi:\u00a0<a href=\"http:\/\/www.aps.dz\/sante-science-technologie\/82346-lancement-de-la-premiere-application-electronique-d-acces-a-la-recherche-en-bibliotheque\" target=\"_blank\" rel=\"noopener noreferrer\">Lancement de la premi\u00e8re application \u00e9lectronique d\u2019acc\u00e8s \u00e0 la recherche en biblioth\u00e8que<\/a><\/h3>\n<blockquote readability=\"9\">\n<hr\/>\n<p><em><strong>Le plan d\u2019action de la biblioth\u00e8que d\u2019Adrar envisage \u00e9galement la cr\u00e9ation d\u2019un syst\u00e8me \u00e9lectronique permettant aux lecteurs, adh\u00e9rents et visiteurs de ces structures de tirer profit des prestations \u00e0 la faveur des applications et programmations num\u00e9riques permettant l\u2019acc\u00e8s num\u00e9rique aux ouvrages.<\/strong><\/em><\/p>\n<\/blockquote>\n<p>La session de formation s\u2019assigne comme objectifs de cr\u00e9er un espace d\u2019\u00e9change d\u2019exp\u00e9riences et des connaissances sur les nouvelles technologies adopt\u00e9es en mati\u00e8re de gestion num\u00e9rique des biblioth\u00e8ques en pr\u00e9vision de la g\u00e9n\u00e9ralisation des proc\u00e9d\u00e9s informatiques aux autres structures similaires en pr\u00e9vision de la cr\u00e9ation d\u2019un r\u00e9seau national compos\u00e9 de 42 biblioth\u00e8ques principales implant\u00e9es \u00e0 travers le territoire national, retenues au plan d\u2019action de cette session et de la prochaine pr\u00e9vue au mois de janvier 2020, a indiqu\u00e9 le sous-directeur des biblioth\u00e8ques et de la promotion de la lecture au minist\u00e8re de la Culture, Hacen Mandjour.<\/p>\n<p>Le directeur de la culture de la wilaya d\u2019Adrar, Hacen Bahidi a, pour sa part, fait savoir que le secteur accorde tout l\u2019int\u00e9r\u00eat voulu \u00e0 l\u2019accompagnement des cr\u00e9ativit\u00e9s et comp\u00e9tences vers\u00e9es dans la modernisation et la num\u00e9risation de la gestion de ces installations culturelles en vue de promouvoir le lectorat et am\u00e9liorer les conditions d\u2019accueil et des prestations offertes aux lecteurs et adh\u00e9rents pour se mettre au diapason du d\u00e9veloppement que connait ce domaine \u00e0 travers le monde.<\/p>\n<p>La d\u00e9marche repose largement sur la mise en valeur des efforts des comp\u00e9tences techniques locales qui ont fait preuve de maitrise des nouvelles technologies de l\u2019information et de la communication ayant fait de la biblioth\u00e8que d\u2019Adrar un mod\u00e8le \u00e0 suivre \u00e0 travers le pays, a-t-il ajout\u00e9.<\/p>\n<\/div>\n<p>Auteur:<br \/>\n<a href=\"http:\/\/www.aps.dz\/culture\/99277-la-bibliotheque-principale-d-adrar-modele-d-exploitation-des-ntic\">Cliquez ici pour lire l&rsquo;article depuis sa source.<\/a><\/p>\n","protected":false},"excerpt":{"rendered":"<p>ADRAR &#8211; Les participants \u00e0 une session nationale de formation, tenue dimanche \u00e0 Adrar, sur \u00ab\u00a0le raccordement des biblioth\u00e8ques principales \u00e0 un r\u00e9seau num\u00e9rique unifi\u00e9\u00a0\u00bb, ont soulign\u00e9, que \u00ab\u00a0la biblioth\u00e8que principale de lecture d\u2019Adrar constitue un mod\u00e8le en mati\u00e8re d\u2019exploitation des technologies de l\u2019information et de la communication des plus modernes contribuant \u00e0 la gestion [&hellip;]<\/p>\n","protected":false},"author":1790,"featured_media":0,"comment_status":"closed","ping_status":"closed","sticky":false,"template":"","format":"standard","meta":{"fifu_image_url":"","fifu_image_alt":"","footnotes":""},"categories":[53,79],"tags":[],"class_list":["post-70927","post","type-post","status-publish","format-standard","hentry","category-algerie","category-culture"],"_links":{"self":[{"href":"https:\/\/linitiative.ca\/International\/wp-json\/wp\/v2\/posts\/70927","targetHints":{"allow":["GET"]}}],"collection":[{"href":"https:\/\/linitiative.ca\/International\/wp-json\/wp\/v2\/posts"}],"about":[{"href":"https:\/\/linitiative.ca\/International\/wp-json\/wp\/v2\/types\/post"}],"author":[{"embeddable":true,"href":"https:\/\/linitiative.ca\/International\/wp-json\/wp\/v2\/users\/1790"}],"replies":[{"embeddable":true,"href":"https:\/\/linitiative.ca\/International\/wp-json\/wp\/v2\/comments?post=70927"}],"version-history":[{"count":0,"href":"https:\/\/linitiative.ca\/International\/wp-json\/wp\/v2\/posts\/70927\/revisions"}],"wp:attachment":[{"href":"https:\/\/linitiative.ca\/International\/wp-json\/wp\/v2\/media?parent=70927"}],"wp:term":[{"taxonomy":"category","embeddable":true,"href":"https:\/\/linitiative.ca\/International\/wp-json\/wp\/v2\/categories?post=70927"},{"taxonomy":"post_tag","embeddable":true,"href":"https:\/\/linitiative.ca\/International\/wp-json\/wp\/v2\/tags?post=70927"}],"curies":[{"name":"wp","href":"https:\/\/api.w.org\/{rel}","templated":true}]}}