{"id":70929,"date":"2019-12-22T08:37:00","date_gmt":"2019-12-22T13:37:00","guid":{"rendered":"https:\/\/linitiative.ca\/International\/abdelkader-djeriou-est-libre\/"},"modified":"2019-12-22T08:37:00","modified_gmt":"2019-12-22T13:37:00","slug":"abdelkader-djeriou-est-libre","status":"publish","type":"post","link":"https:\/\/linitiative.ca\/International\/abdelkader-djeriou-est-libre\/","title":{"rendered":"Abdelkader Djeriou est libre"},"content":{"rendered":"<div id=\"originalText\" readability=\"52\">\n<p>Arr\u00eat\u00e9 vendredi, \u00e0 15h30, au niveau du barrage de la gendarmerie d\u2019Oued Tl\u00e9lat, alors qu\u2019il se dirigeait vers Oran, le com\u00e9dien Abdelkader Djeriou vient d\u2019\u00eatre lib\u00e9r\u00e9 apr\u00e8s sa pr\u00e9sentation, aujourd\u2019hui, devant le procureur de la r\u00e9publique pr\u00e8s le tribubnal de Tl\u00e9lat,\u00a0avons-nous appris de sources cr\u00e9dibles.<\/p>\n<p>Pour rappel, le com\u00e9dien maintenu en garde \u00e0 vue pendant 48 heures lui \u00e9tait reproch\u00e9 au\u00a0\u00abincitation \u00e0 un attroupement \u00bb, suite \u00e0 sa publication d\u2019une vid\u00e9o sur les r\u00e9seaux sociaux, et dans laquelle le metteur en sc\u00e8ne appelait les alg\u00e9riens \u00e0 se rassembler \u00e0 Oran, en solidarit\u00e9 avec les manifestants violent\u00e9s par la police le vendredi 13 d\u00e9cembre, lors de la 43e manifestation populaire.<\/p>\n<p class=\"c6\"><strong>R\u00e9daction Web<\/strong><\/p>\n<\/div>\n<div id=\"text_core\" readability=\"52\">\n<p>Arr\u00eat\u00e9 vendredi, \u00e0 15h30, au niveau du barrage de la gendarmerie d\u2019Oued Tl\u00e9lat, alors qu\u2019il se dirigeait vers Oran, le com\u00e9dien Abdelkader Djeriou vient d\u2019\u00eatre lib\u00e9r\u00e9 apr\u00e8s sa pr\u00e9sentation, aujourd\u2019hui, devant le procureur de la r\u00e9publique pr\u00e8s le tribubnal de Tl\u00e9lat,\u00a0avons-nous appris de sources cr\u00e9dibles.<\/p>\n<p>Pour rappel, le com\u00e9dien maintenu en garde \u00e0 vue pendant 48 heures lui \u00e9tait reproch\u00e9 au\u00a0\u00abincitation \u00e0 un attroupement \u00bb, suite \u00e0 sa publication d\u2019une vid\u00e9o sur les r\u00e9seaux sociaux, et dans laquelle le metteur en sc\u00e8ne appelait les alg\u00e9riens \u00e0 se rassembler \u00e0 Oran, en solidarit\u00e9 avec les manifestants violent\u00e9s par la police le vendredi 13 d\u00e9cembre, lors de la 43e manifestation populaire.<\/p>\n<p class=\"c6\"><strong>R\u00e9daction Web<\/strong><\/p>\n<\/div>\n<p>Auteur:<br \/>\n<a href=\"https:\/\/www.liberte-algerie.com\/actualite\/abdelkader-djeriou-est-libre-330634\">Cliquez ici pour lire l&rsquo;article depuis sa source.<\/a><\/p>\n","protected":false},"excerpt":{"rendered":"<p>Arr\u00eat\u00e9 vendredi, \u00e0 15h30, au niveau du barrage de la gendarmerie d\u2019Oued Tl\u00e9lat, alors qu\u2019il se dirigeait vers Oran, le com\u00e9dien Abdelkader Djeriou vient d\u2019\u00eatre lib\u00e9r\u00e9 apr\u00e8s sa pr\u00e9sentation, aujourd\u2019hui, devant le procureur de la r\u00e9publique pr\u00e8s le tribubnal de Tl\u00e9lat,\u00a0avons-nous appris de sources cr\u00e9dibles. Pour rappel, le com\u00e9dien maintenu en garde \u00e0 vue pendant [&hellip;]<\/p>\n","protected":false},"author":1742,"featured_media":0,"comment_status":"closed","ping_status":"closed","sticky":false,"template":"","format":"standard","meta":{"fifu_image_url":"","fifu_image_alt":"","footnotes":""},"categories":[73,53],"tags":[],"class_list":["post-70929","post","type-post","status-publish","format-standard","hentry","category-actualite","category-algerie"],"_links":{"self":[{"href":"https:\/\/linitiative.ca\/International\/wp-json\/wp\/v2\/posts\/70929","targetHints":{"allow":["GET"]}}],"collection":[{"href":"https:\/\/linitiative.ca\/International\/wp-json\/wp\/v2\/posts"}],"about":[{"href":"https:\/\/linitiative.ca\/International\/wp-json\/wp\/v2\/types\/post"}],"author":[{"embeddable":true,"href":"https:\/\/linitiative.ca\/International\/wp-json\/wp\/v2\/users\/1742"}],"replies":[{"embeddable":true,"href":"https:\/\/linitiative.ca\/International\/wp-json\/wp\/v2\/comments?post=70929"}],"version-history":[{"count":0,"href":"https:\/\/linitiative.ca\/International\/wp-json\/wp\/v2\/posts\/70929\/revisions"}],"wp:attachment":[{"href":"https:\/\/linitiative.ca\/International\/wp-json\/wp\/v2\/media?parent=70929"}],"wp:term":[{"taxonomy":"category","embeddable":true,"href":"https:\/\/linitiative.ca\/International\/wp-json\/wp\/v2\/categories?post=70929"},{"taxonomy":"post_tag","embeddable":true,"href":"https:\/\/linitiative.ca\/International\/wp-json\/wp\/v2\/tags?post=70929"}],"curies":[{"name":"wp","href":"https:\/\/api.w.org\/{rel}","templated":true}]}}