{"id":70931,"date":"2019-12-22T09:51:00","date_gmt":"2019-12-22T14:51:00","guid":{"rendered":"https:\/\/linitiative.ca\/International\/pas-de-liberte-provisoire-pour-tabbou\/"},"modified":"2019-12-22T09:51:00","modified_gmt":"2019-12-22T14:51:00","slug":"pas-de-liberte-provisoire-pour-tabbou","status":"publish","type":"post","link":"https:\/\/linitiative.ca\/International\/pas-de-liberte-provisoire-pour-tabbou\/","title":{"rendered":"Pas de libert\u00e9 provisoire pour Tabbou"},"content":{"rendered":"<div id=\"originalText\" readability=\"47\">\n<p>La chambre d\u2019accusation pr\u00e8s la Cour d\u2019Alger a rejet\u00e9, ce dimanche, la demande de libert\u00e9 provisoire de Karim Tabbou, coordinateur de l\u2019Union d\u00e9mocratique et sociale (UDS), avons-nous appris aupr\u00e8s de sa d\u00e9fense.\u00a0<\/p>\n<p>Arr\u00eat\u00e9 le 11 septembre devant son domicile, sur les hauteurs d\u2019Alger, Karim Tabbou est plac\u00e9 le lendemain, sur ordonnance du juge d\u2019instruction, sous mandat de d\u00e9p\u00f4t \u00e0 la prison de Kol\u00e9a pour le chef d\u2019inculpation de \u201cparticipation \u00e0 l\u2019entreprise de d\u00e9moralisation de l\u2019arm\u00e9e\u201d.<\/p>\n<p class=\"c6\"><strong>R\u00e9daction Web<\/strong><\/p>\n<\/div>\n<div id=\"text_core\" readability=\"47\">\n<p>La chambre d\u2019accusation pr\u00e8s la Cour d\u2019Alger a rejet\u00e9, ce dimanche, la demande de libert\u00e9 provisoire de Karim Tabbou, coordinateur de l\u2019Union d\u00e9mocratique et sociale (UDS), avons-nous appris aupr\u00e8s de sa d\u00e9fense.\u00a0<\/p>\n<p>Arr\u00eat\u00e9 le 11 septembre devant son domicile, sur les hauteurs d\u2019Alger, Karim Tabbou est plac\u00e9 le lendemain, sur ordonnance du juge d\u2019instruction, sous mandat de d\u00e9p\u00f4t \u00e0 la prison de Kol\u00e9a pour le chef d\u2019inculpation de \u201cparticipation \u00e0 l\u2019entreprise de d\u00e9moralisation de l\u2019arm\u00e9e\u201d.<\/p>\n<p class=\"c6\"><strong>R\u00e9daction Web<\/strong><\/p>\n<\/div>\n<p>Auteur:<br \/>\n<a href=\"https:\/\/www.liberte-algerie.com\/actualite\/pas-de-liberte-provisoire-pour-tabbou-330636\">Cliquez ici pour lire l&rsquo;article depuis sa source.<\/a><\/p>\n","protected":false},"excerpt":{"rendered":"<p>La chambre d\u2019accusation pr\u00e8s la Cour d\u2019Alger a rejet\u00e9, ce dimanche, la demande de libert\u00e9 provisoire de Karim Tabbou, coordinateur de l\u2019Union d\u00e9mocratique et sociale (UDS), avons-nous appris aupr\u00e8s de sa d\u00e9fense.\u00a0 Arr\u00eat\u00e9 le 11 septembre devant son domicile, sur les hauteurs d\u2019Alger, Karim Tabbou est plac\u00e9 le lendemain, sur ordonnance du juge d\u2019instruction, sous [&hellip;]<\/p>\n","protected":false},"author":1742,"featured_media":0,"comment_status":"closed","ping_status":"closed","sticky":false,"template":"","format":"standard","meta":{"fifu_image_url":"","fifu_image_alt":"","footnotes":""},"categories":[73,53],"tags":[],"class_list":["post-70931","post","type-post","status-publish","format-standard","hentry","category-actualite","category-algerie"],"_links":{"self":[{"href":"https:\/\/linitiative.ca\/International\/wp-json\/wp\/v2\/posts\/70931","targetHints":{"allow":["GET"]}}],"collection":[{"href":"https:\/\/linitiative.ca\/International\/wp-json\/wp\/v2\/posts"}],"about":[{"href":"https:\/\/linitiative.ca\/International\/wp-json\/wp\/v2\/types\/post"}],"author":[{"embeddable":true,"href":"https:\/\/linitiative.ca\/International\/wp-json\/wp\/v2\/users\/1742"}],"replies":[{"embeddable":true,"href":"https:\/\/linitiative.ca\/International\/wp-json\/wp\/v2\/comments?post=70931"}],"version-history":[{"count":0,"href":"https:\/\/linitiative.ca\/International\/wp-json\/wp\/v2\/posts\/70931\/revisions"}],"wp:attachment":[{"href":"https:\/\/linitiative.ca\/International\/wp-json\/wp\/v2\/media?parent=70931"}],"wp:term":[{"taxonomy":"category","embeddable":true,"href":"https:\/\/linitiative.ca\/International\/wp-json\/wp\/v2\/categories?post=70931"},{"taxonomy":"post_tag","embeddable":true,"href":"https:\/\/linitiative.ca\/International\/wp-json\/wp\/v2\/tags?post=70931"}],"curies":[{"name":"wp","href":"https:\/\/api.w.org\/{rel}","templated":true}]}}