{"id":70935,"date":"2019-12-21T18:59:05","date_gmt":"2019-12-21T23:59:05","guid":{"rendered":"https:\/\/linitiative.ca\/International\/le-1er-prix-farid-belkahia-decerne-a-deux-etudiants-de-laat\/"},"modified":"2019-12-21T18:59:05","modified_gmt":"2019-12-21T23:59:05","slug":"le-1er-prix-farid-belkahia-decerne-a-deux-etudiants-de-laat","status":"publish","type":"post","link":"https:\/\/linitiative.ca\/International\/le-1er-prix-farid-belkahia-decerne-a-deux-etudiants-de-laat\/","title":{"rendered":"Le 1er Prix Farid Belkahia d\u00e9cern\u00e9 \u00e0 deux \u00e9tudiants de l\u2019AAT"},"content":{"rendered":"<div readability=\"36\">\n<p>Marrakech \u2013 Le premier Prix Farid Belkahia pour l\u2019encouragement aux arts traditionnels a \u00e9t\u00e9 d\u00e9cern\u00e9 samedi soir, \u00e0 Marrakech, \u00e0 deux \u00e9tudiants de l\u2019Acad\u00e9mie des Arts Traditionnels (AAT) de Casablanca.<\/p>\n<\/div>\n<div readability=\"109\">\n<p>Il s\u2019agit de Zineb Akabbouch, \u00e9tudiante en premier cycle de la restauration du patrimoine (boiserie ancienne) et Abdellah Ouabderrahmane, laur\u00e9at 2019 de l\u2019AAT (fili\u00e8re du zellige).<\/p>\n<p>La Fondation Farid Belkahia a attribu\u00e9 une dotation de 25.000 dirhams \u00e0 chacun des deux \u00e9tudiants lors d\u2019une c\u00e9r\u00e9monie organis\u00e9e en pr\u00e9sence d\u2019intellectuels, artistes, ma\u00eetres artisans et \u00e9minentes personnalit\u00e9s, dont le pr\u00e9sident de l\u2019Institut du monde arabe (IMA), Jack Lang.<\/p>\n<p>Dans une d\u00e9claration \u00e0 la MAP, M. Lang, ancien ministre fran\u00e7ais de la culture, a relev\u00e9 que l\u2019esprit et les \u0153uvres de Farid Belkahia sont toujours vivants gr\u00e2ce au dynamisme de la veuve du d\u00e9funt et pr\u00e9sidente de cette fondation, Mme Rajaa Benchemsi, qui a grandement contribu\u00e9 \u00e0 faire de cette maison un lieu toujours vivant, o\u00f9 les activit\u00e9s culturelles foisonnent.<\/p>\n<p>Le Prix Farid Belkahia pour l\u2019encouragement aux arts traditionnels c\u00e9l\u00e8bre deux jeunes artisans et restaurateurs en pr\u00e9sence de grands ma\u00eetres du zellige et de la r\u00e9alisation du bois, qui ont particip\u00e9 en particulier \u00e0 la construction de la Mosqu\u00e9e Hassan II de Casablanca, a-t-il ajout\u00e9.<\/p>\n<p>Dans une d\u00e9claration similaire, Mme Benchemsi a soulign\u00e9 que ce prix rentre dans le cadre des Hautes orientations Royales visant \u00e0 encourager les arts traditionnels et l\u2019artisanat, mettant en relief le r\u00f4le de l\u2019AAT pour former et faire prendre conscience de la n\u00e9cessit\u00e9 du renouvellement des arts traditionnels.<\/p>\n<p>Ce prix vise \u00e0 encourager des jeunes qui ont eu le courage de s\u2019orienter, apr\u00e8s leur baccalaur\u00e9at, vers les Arts traditionnels, a-t-il ajout\u00e9.<\/p>\n<p>Mme Benchemsi a fait savoir que la fondation Farid Belkahia et l\u2019AAT vont initier un projet innovant baptis\u00e9 \u00ab\u00a0Tr\u00e9sors vivants\u00a0\u00bb visant \u00e0 soutenir et rendre hommage aux ma\u00eetres artisans afin d\u2019encourager la transmission des arts traditionnels aux g\u00e9n\u00e9rations montantes.<\/p>\n<p>De son c\u00f4t\u00e9, la jeune Zineb Akabbouch s\u2019est dit tr\u00e8s contente de remporter un prix qui porte le nom d\u2019un grand artiste marocain, qui portait une grande attention aux arts traditionnels et qui a contribu\u00e9 \u00e0 int\u00e9grer les techniques de ces arts dans l\u2019\u00e9cole des Beaux-arts, relevant que ce prix est de nature \u00e0 soutenir et permettre aux jeunes d\u2019exprimer leurs talents.<\/p>\n<p>Le Prix Farid Belkahia pour l\u2019encouragement aux arts traditionnels r\u00e9compense un jeune professionnel pour la qualit\u00e9 de son projet, son engagement dans la transmission des savoirs ou l\u2019innovation.<\/p>\n<p>Cette distinction, organis\u00e9e en collaboration avec l\u2019Acad\u00e9mie des Arts Traditionnels relevant de la Fondation de la Mosqu\u00e9e Hassan II de Casablanca en partenariat avec le Groupe OCP et la Fondation Banque Populaire, vient mettre en exergue la passion de cet artiste charismatique pour le patrimoine artistique de sa terre natale et son profond attachement aux arts traditionnels marocains.<\/p>\n<p>D\u00e8s sa nomination \u00e0 la t\u00eate de l\u2019\u00c9cole sup\u00e9rieure des Beaux-arts de Casablanca en 1962, Farid Belkahia pr\u00f4ne une nouvelle vision de la transmission de l\u2019art fond\u00e9e sur la r\u00e9appropriation des arts traditionnels et leur r\u00e9g\u00e9n\u00e9ration, processus qu\u2019il applique aussi bien \u00e0 son propre travail qu\u2019\u00e0 ses nouveaux \u00e9tudiants, sugg\u00e9rant ainsi l\u2019affranchissement de la modernit\u00e9 d\u2019un mod\u00e8le dominant.<\/p>\n<p>Depuis, Farid Belkahia n\u2019a cess\u00e9 de revisiter les traditions artisanales marocaines et d\u2019explorer les potentialit\u00e9s de ses savoir-faire.<\/p>\n<\/div>\n<p>Auteur: Meriem IGASS<br \/>\n<a href=\"http:\/\/www.mapmarrakech.ma\/fr\/belkahia\/\">Cliquez ici pour lire l&rsquo;article depuis sa source.<\/a><\/p>\n","protected":false},"excerpt":{"rendered":"<p>Marrakech \u2013 Le premier Prix Farid Belkahia pour l\u2019encouragement aux arts traditionnels a \u00e9t\u00e9 d\u00e9cern\u00e9 samedi soir, \u00e0 Marrakech, \u00e0 deux \u00e9tudiants de l\u2019Acad\u00e9mie des Arts Traditionnels (AAT) de Casablanca. Il s\u2019agit de Zineb Akabbouch, \u00e9tudiante en premier cycle de la restauration du patrimoine (boiserie ancienne) et Abdellah Ouabderrahmane, laur\u00e9at 2019 de l\u2019AAT (fili\u00e8re du [&hellip;]<\/p>\n","protected":false},"author":1788,"featured_media":0,"comment_status":"closed","ping_status":"closed","sticky":false,"template":"","format":"standard","meta":{"fifu_image_url":"","fifu_image_alt":"","footnotes":""},"categories":[54,76],"tags":[],"class_list":["post-70935","post","type-post","status-publish","format-standard","hentry","category-maroc","category-regions"],"_links":{"self":[{"href":"https:\/\/linitiative.ca\/International\/wp-json\/wp\/v2\/posts\/70935","targetHints":{"allow":["GET"]}}],"collection":[{"href":"https:\/\/linitiative.ca\/International\/wp-json\/wp\/v2\/posts"}],"about":[{"href":"https:\/\/linitiative.ca\/International\/wp-json\/wp\/v2\/types\/post"}],"author":[{"embeddable":true,"href":"https:\/\/linitiative.ca\/International\/wp-json\/wp\/v2\/users\/1788"}],"replies":[{"embeddable":true,"href":"https:\/\/linitiative.ca\/International\/wp-json\/wp\/v2\/comments?post=70935"}],"version-history":[{"count":0,"href":"https:\/\/linitiative.ca\/International\/wp-json\/wp\/v2\/posts\/70935\/revisions"}],"wp:attachment":[{"href":"https:\/\/linitiative.ca\/International\/wp-json\/wp\/v2\/media?parent=70935"}],"wp:term":[{"taxonomy":"category","embeddable":true,"href":"https:\/\/linitiative.ca\/International\/wp-json\/wp\/v2\/categories?post=70935"},{"taxonomy":"post_tag","embeddable":true,"href":"https:\/\/linitiative.ca\/International\/wp-json\/wp\/v2\/tags?post=70935"}],"curies":[{"name":"wp","href":"https:\/\/api.w.org\/{rel}","templated":true}]}}