{"id":70936,"date":"2019-12-22T12:52:25","date_gmt":"2019-12-22T17:52:25","guid":{"rendered":"https:\/\/linitiative.ca\/International\/le-president-de-la-region-marrakech-safi-souligne-la-place-de-la-societe-civile-dans-la-regionalisation-avancee\/"},"modified":"2019-12-22T12:52:25","modified_gmt":"2019-12-22T17:52:25","slug":"le-president-de-la-region-marrakech-safi-souligne-la-place-de-la-societe-civile-dans-la-regionalisation-avancee","status":"publish","type":"post","link":"https:\/\/linitiative.ca\/International\/le-president-de-la-region-marrakech-safi-souligne-la-place-de-la-societe-civile-dans-la-regionalisation-avancee\/","title":{"rendered":"Le pr\u00e9sident de la r\u00e9gion Marrakech-Safi souligne la place de la soci\u00e9t\u00e9 civile dans la r\u00e9gionalisation avanc\u00e9e"},"content":{"rendered":"<p><iframe loading=\"lazy\" width=\"1170\" height=\"658\" src=\"https:\/\/www.youtube.com\/embed\/FmrGT4m-45I?start=192&#038;feature=oembed\" frameborder=\"0\" allow=\"accelerometer; autoplay; encrypted-media; gyroscope; picture-in-picture\" allowfullscreen=\"\">[embedded content]<\/iframe><\/p>\n<div class=\"single-post-excerpt post-excerpt-bc\" readability=\"38\">\n<p>Le pr\u00e9sident de la r\u00e9gion Marrakech Safi, M. Ahmed Akhchichen, a consid\u00e9r\u00e9 que la r\u00e9forme d\u00e9mocratique, politique et juridique du Royaume a permis de mettre en place un ensemble de m\u00e9canismes constitutionnels et juridiques \u00e0 m\u00eame de renforcer la participation citoyenne dans les d\u00e9cisions et les politiques publiques et de consolider les r\u00f4les des institutions repr\u00e9sentatives et le pouvoir des \u00e9lus.<\/p>\n<\/div>\n<p>Auteur: Meriem IGASS<br \/>\n<a href=\"http:\/\/www.mapmarrakech.ma\/fr\/le-president-de-la-region-marrakech-safi-souligne-la-place-de-la-societe-civile-dans-la-regionalisation-avancee\/\">Cliquez ici pour lire l&rsquo;article depuis sa source.<\/a><\/p>\n","protected":false},"excerpt":{"rendered":"<p>[embedded content] Le pr\u00e9sident de la r\u00e9gion Marrakech Safi, M. Ahmed Akhchichen, a consid\u00e9r\u00e9 que la r\u00e9forme d\u00e9mocratique, politique et juridique du Royaume a permis de mettre en place un ensemble de m\u00e9canismes constitutionnels et juridiques \u00e0 m\u00eame de renforcer la participation citoyenne dans les d\u00e9cisions et les politiques publiques et de consolider les r\u00f4les [&hellip;]<\/p>\n","protected":false},"author":1788,"featured_media":0,"comment_status":"closed","ping_status":"closed","sticky":false,"template":"","format":"standard","meta":{"fifu_image_url":"","fifu_image_alt":"","footnotes":""},"categories":[54,76],"tags":[],"class_list":["post-70936","post","type-post","status-publish","format-standard","hentry","category-maroc","category-regions"],"_links":{"self":[{"href":"https:\/\/linitiative.ca\/International\/wp-json\/wp\/v2\/posts\/70936","targetHints":{"allow":["GET"]}}],"collection":[{"href":"https:\/\/linitiative.ca\/International\/wp-json\/wp\/v2\/posts"}],"about":[{"href":"https:\/\/linitiative.ca\/International\/wp-json\/wp\/v2\/types\/post"}],"author":[{"embeddable":true,"href":"https:\/\/linitiative.ca\/International\/wp-json\/wp\/v2\/users\/1788"}],"replies":[{"embeddable":true,"href":"https:\/\/linitiative.ca\/International\/wp-json\/wp\/v2\/comments?post=70936"}],"version-history":[{"count":0,"href":"https:\/\/linitiative.ca\/International\/wp-json\/wp\/v2\/posts\/70936\/revisions"}],"wp:attachment":[{"href":"https:\/\/linitiative.ca\/International\/wp-json\/wp\/v2\/media?parent=70936"}],"wp:term":[{"taxonomy":"category","embeddable":true,"href":"https:\/\/linitiative.ca\/International\/wp-json\/wp\/v2\/categories?post=70936"},{"taxonomy":"post_tag","embeddable":true,"href":"https:\/\/linitiative.ca\/International\/wp-json\/wp\/v2\/tags?post=70936"}],"curies":[{"name":"wp","href":"https:\/\/api.w.org\/{rel}","templated":true}]}}