{"id":70938,"date":"2019-12-22T06:14:22","date_gmt":"2019-12-22T11:14:22","guid":{"rendered":"https:\/\/linitiative.ca\/International\/la-chasse-un-passe-temps-qui-reprend-ses-lettres-de-noblesse-a-boumerdes\/"},"modified":"2019-12-22T06:14:22","modified_gmt":"2019-12-22T11:14:22","slug":"la-chasse-un-passe-temps-qui-reprend-ses-lettres-de-noblesse-a-boumerdes","status":"publish","type":"post","link":"https:\/\/linitiative.ca\/International\/la-chasse-un-passe-temps-qui-reprend-ses-lettres-de-noblesse-a-boumerdes\/","title":{"rendered":"La chasse, un passe temps qui reprend ses lettres de noblesse \u00e0 Boumerdes  \u00a0"},"content":{"rendered":"<div readability=\"34\">\n<p><strong>BOUMERDES- La chasse est un passe temps qui reprend progressivement ses lettres de noblesse \u00e0 Boumerdes ces derni\u00e8res ann\u00e9es apr\u00e8s un d\u00e9sint\u00e9r\u00eat qui a suivi son interdiction durant la d\u00e9cennie noire.<\/strong><\/p>\n<\/div>\n<div readability=\"108.5\">\n<p>La wilaya compte actuellement plus de 400 chasseurs organis\u00e9s dans 24 associations couvrant tout le territoire de Boumerdes et affili\u00e9es \u00e0 la F\u00e9d\u00e9ration de chasse de la wilaya, pr\u00e9sid\u00e9e par Youcef Bena\u00e2mane.<\/p>\n<p>\u00ab\u00a0L\u2019organisation des chasseurs de la wilaya en associations vise \u00e0 faciliter et encadrer cette activit\u00e9 \u00e0 caract\u00e8re sportif, d\u2019autant plus qu\u2019elle s\u2019appuie sur l\u2019usage d\u2019une arme l\u00e9g\u00e8re pour attraper une proie ou\u00a0un gibier dans des lieux g\u00e9n\u00e9ralement recul\u00e9s, ou situ\u00e9s en montage\u00a0\u00bb, a indiqu\u00e9 \u00e0 l\u2019APS M. Bena\u00e2mane.<\/p>\n<p>Dans un souci de qualification et de structuration des amateurs de ce sport-hobby, les services des for\u00eats de Bourmedes, en charge de ce secteur, assureront des sessions de formation th\u00e9oriques et pratiques au profit de la totalit\u00e9 des chasseurs (au nombre de plus de 400) adh\u00e9rents aux associations de chasse de la wilaya, et ce tout au long de l\u2019ann\u00e9e 2020, a-t-on appris aupr\u00e8s du conservateur local des for\u00eats.<\/p>\n<blockquote readability=\"15\">\n<p><em><strong>Les sessions de formation, d\u2019une dur\u00e9e de trois jours chacune, sont dict\u00e9es par la l\u00e9gislation r\u00e9gissant cette activit\u00e9, portant sur l\u2019obligation de \u00ab\u00a0l\u2019organisation de stages de formation au profit deschasseurs, en vue d&rsquo;obtenir une attestation d&rsquo;habilitation n\u00e9cessaire pour la d\u00e9livrance d\u2019un permis de chasse\u00a0\u00bb, a pr\u00e9cis\u00e9 \u00e0 l\u2019APS Hamadouche Hocine, en marge de l\u2019ouverture de la premi\u00e8re session de formation du genre dans la wilaya, au profit de 50 chasseurs stagiaires.<\/strong><\/em><\/p>\n<\/blockquote>\n<p>Il a ajout\u00e9 que le permis de chasse en question accorde \u00e0 son propri\u00e9taire le droit de chasse pendant la p\u00e9riode d\u2019ouverture de cette activit\u00e9, avec la d\u00e9signation des esp\u00e8ces autoris\u00e9es \u00e0 la chasse, et de la p\u00e9riode d\u2019interdiction de la chasse, connue pour \u00eatre la p\u00e9riode de reproduction des esp\u00e8ces concern\u00e9es.<\/p>\n<p>La session de formation, compos\u00e9e de cours th\u00e9oriques et pratiques, \u00ab\u00a0permet de sensibiliser les stagiaires sur les potentialit\u00e9s de la wilaya en mati\u00e8re de gibier et sa r\u00e9partition dans les zones climatiques de la\u00a0wilaya, ainsi que les maladies affectant ce patrimoine, notamment\u00a0\u00bb, selon le chef du service de protection de la faune et de la flore \u00e0 la Conservation des for\u00eats, Sidi Ahmed Ba\u00e2ziz.<\/p>\n<blockquote readability=\"12\">\n<p><em><strong>Le volet th\u00e9orique a trait \u00e0 la r\u00e9glementation de l\u2019activit\u00e9 de chasse et aux r\u00e8gles de s\u00e9curit\u00e9 la r\u00e9gissant, au moment ou les exercices pratiques portent sur le maniement des armes et les questions relatives \u00e0 la\u00a0s\u00e9curit\u00e9, et les gestes de secourisme \u00e0 adopter en cas d\u2019accidents de chasse, tout en mettant l\u2019accent sur les esp\u00e8ces menac\u00e9es et prot\u00e9g\u00e9es, dans le but de pr\u00e9server la biodiversit\u00e9.<\/strong><\/em><\/p>\n<\/blockquote>\n<p>\u00ab\u00a0Cette formation est tr\u00e8s b\u00e9n\u00e9fique pour les chasseurs, notamment au volet sanitaire et pr\u00e9ventif, car ils sont inform\u00e9s des principales maladies du gibier et leur pr\u00e9vention, ainsi que sur les zoonoses susceptibles d\u2019\u00eatre contract\u00e9es par eux, et les moyens de reconna\u00eetre une proie morte ou pas\u00a0\u00bb,a indiqu\u00e9, \u00e0 l\u2019APS, le v\u00e9t\u00e9rinaire sp\u00e9cialiste Sara Messaoud Bouraghda.<\/p>\n<p>De nombreux chasseurs b\u00e9n\u00e9ficiaires de cette session de formation, abrit\u00e9e par l\u2019Institut national de tourisme et d\u2019h\u00f4telleries d\u2019El Kerma de Boumerdes, ont exprim\u00e9 leur \u00ab\u00a0satisfaction\u00a0\u00bb \u00e0 l\u2019\u00e9gard de cette initiative susceptible de \u00ab\u00a0contribuer\u00a0 au rel\u00e8vement du niveau des connaissances th\u00e9oriques des pratiquants de ce sport-hobby\u00a0\u00bb, ont-ils indiqu\u00e9.<\/p>\n<blockquote readability=\"5\">\n<p><em><strong>\u00ab\u00a0Cette formation est primordiale pour l\u2019obtention du permis de chasse.<\/strong><\/em><\/p>\n<\/blockquote>\n<p>Elle permet de pratiquer la chasse dans un cadre organis\u00e9 et l\u00e9gal, garant de la protection du chasseur\u00a0\u00bb, ont-ils ajout\u00e9.<\/p>\n<\/div>\n<p>Auteur:<br \/>\n<a href=\"http:\/\/www.aps.dz\/regions\/99247-la-chasse-un-passe-temps-qui-reprend-ses-lettres-de-noblesse-a-boumerdes\">Cliquez ici pour lire l&rsquo;article depuis sa source.<\/a><\/p>\n","protected":false},"excerpt":{"rendered":"<p>BOUMERDES- La chasse est un passe temps qui reprend progressivement ses lettres de noblesse \u00e0 Boumerdes ces derni\u00e8res ann\u00e9es apr\u00e8s un d\u00e9sint\u00e9r\u00eat qui a suivi son interdiction durant la d\u00e9cennie noire. La wilaya compte actuellement plus de 400 chasseurs organis\u00e9s dans 24 associations couvrant tout le territoire de Boumerdes et affili\u00e9es \u00e0 la F\u00e9d\u00e9ration de [&hellip;]<\/p>\n","protected":false},"author":1790,"featured_media":0,"comment_status":"closed","ping_status":"closed","sticky":false,"template":"","format":"standard","meta":{"fifu_image_url":"","fifu_image_alt":"","footnotes":""},"categories":[53,76],"tags":[],"class_list":["post-70938","post","type-post","status-publish","format-standard","hentry","category-algerie","category-regions"],"_links":{"self":[{"href":"https:\/\/linitiative.ca\/International\/wp-json\/wp\/v2\/posts\/70938","targetHints":{"allow":["GET"]}}],"collection":[{"href":"https:\/\/linitiative.ca\/International\/wp-json\/wp\/v2\/posts"}],"about":[{"href":"https:\/\/linitiative.ca\/International\/wp-json\/wp\/v2\/types\/post"}],"author":[{"embeddable":true,"href":"https:\/\/linitiative.ca\/International\/wp-json\/wp\/v2\/users\/1790"}],"replies":[{"embeddable":true,"href":"https:\/\/linitiative.ca\/International\/wp-json\/wp\/v2\/comments?post=70938"}],"version-history":[{"count":0,"href":"https:\/\/linitiative.ca\/International\/wp-json\/wp\/v2\/posts\/70938\/revisions"}],"wp:attachment":[{"href":"https:\/\/linitiative.ca\/International\/wp-json\/wp\/v2\/media?parent=70938"}],"wp:term":[{"taxonomy":"category","embeddable":true,"href":"https:\/\/linitiative.ca\/International\/wp-json\/wp\/v2\/categories?post=70938"},{"taxonomy":"post_tag","embeddable":true,"href":"https:\/\/linitiative.ca\/International\/wp-json\/wp\/v2\/tags?post=70938"}],"curies":[{"name":"wp","href":"https:\/\/api.w.org\/{rel}","templated":true}]}}