{"id":70942,"date":"2019-12-21T14:33:08","date_gmt":"2019-12-21T19:33:08","guid":{"rendered":"https:\/\/linitiative.ca\/International\/la-rsb-leader-a-la-faveur-de-sa-victoire-face-las-far\/"},"modified":"2019-12-21T14:33:08","modified_gmt":"2019-12-21T19:33:08","slug":"la-rsb-leader-a-la-faveur-de-sa-victoire-face-las-far","status":"publish","type":"post","link":"https:\/\/linitiative.ca\/International\/la-rsb-leader-a-la-faveur-de-sa-victoire-face-las-far\/","title":{"rendered":"La RSB leader \u00e0 la faveur de sa victoire face l\u2019AS FAR"},"content":{"rendered":"<div class=\"single-featured\"><img alt=\"\u0641\u0631\u064a\u0642 \u0646\u0647\u0635\u0629 \u0628\u0631\u0643\u0627\u0646\" data-src=\"http:\/\/www.mapoujda.ma\/map\/uploads\/2018\/12\/\u0641\u0631\u064a\u0642-\u0646\u0647\u0635\u0629-\u0628\u0631\u0643\u0627\u0646.jpg\"\/><\/div>\n<div class=\"entry-content clearfix single-post-content\" readability=\"53\">\n<p class=\"c4\">La Renaissance de Berkane s\u2019est impos\u00e9e 1-0 samedi face \u00e0 l\u2019AS.FAR au complexe sportif Prince Moulay Abdellah \u00e0 Rabat, dans un match comptant pour la dixi\u00e8me journ\u00e9e de la Botola Pro D1, un succ\u00e8s qui lui permet de reprendre provisoirement la t\u00eate du classement.<\/p>\n<p class=\"c4\">L\u2019unique but de la rencontre a \u00e9t\u00e9 inscrit \u00e0 la 62\u00e8 minute du jeu par l\u2019attaquant du club de Berkane Alaedine Ajaray qui offre aux siens les trois points de cette pr\u00e9cieuse victoire en dehors de ses bases.<\/p>\n<p class=\"c4\">Au terme de la rencontre, la RSB s\u2019est hiss\u00e9e en t\u00eate du classement g\u00e9n\u00e9ral avec 20 points, mais reste sous la menace du Wydad de Casablanca (2\u00e8, 19 pts) qui croisera le fer dimanche avec le Raja de Casablanca.<\/p>\n<p class=\"c4\">Les Militaires stagnent, quant \u00e0 eux, \u00e0 la sixi\u00e8me position avec un total de 13 points, ex \u00e6quo avec le Mouloudia d\u2019Oujda.<\/p>\n<\/div>\n<p>Auteur: Soufiane ELAHMAR<br \/>\n<a href=\"http:\/\/www.mapoujda.ma\/fr\/la-rsb-leader-a-la-faveur-de-sa-victoire-face-las-far\/\">Cliquez ici pour lire l&rsquo;article depuis sa source.<\/a><\/p>\n","protected":false},"excerpt":{"rendered":"<p>La Renaissance de Berkane s\u2019est impos\u00e9e 1-0 samedi face \u00e0 l\u2019AS.FAR au complexe sportif Prince Moulay Abdellah \u00e0 Rabat, dans un match comptant pour la dixi\u00e8me journ\u00e9e de la Botola Pro D1, un succ\u00e8s qui lui permet de reprendre provisoirement la t\u00eate du classement. L\u2019unique but de la rencontre a \u00e9t\u00e9 inscrit \u00e0 la 62\u00e8 [&hellip;]<\/p>\n","protected":false},"author":1788,"featured_media":70943,"comment_status":"closed","ping_status":"closed","sticky":false,"template":"","format":"standard","meta":{"fifu_image_url":"","fifu_image_alt":"","footnotes":""},"categories":[54,76],"tags":[],"class_list":["post-70942","post","type-post","status-publish","format-standard","has-post-thumbnail","hentry","category-maroc","category-regions"],"_links":{"self":[{"href":"https:\/\/linitiative.ca\/International\/wp-json\/wp\/v2\/posts\/70942","targetHints":{"allow":["GET"]}}],"collection":[{"href":"https:\/\/linitiative.ca\/International\/wp-json\/wp\/v2\/posts"}],"about":[{"href":"https:\/\/linitiative.ca\/International\/wp-json\/wp\/v2\/types\/post"}],"author":[{"embeddable":true,"href":"https:\/\/linitiative.ca\/International\/wp-json\/wp\/v2\/users\/1788"}],"replies":[{"embeddable":true,"href":"https:\/\/linitiative.ca\/International\/wp-json\/wp\/v2\/comments?post=70942"}],"version-history":[{"count":0,"href":"https:\/\/linitiative.ca\/International\/wp-json\/wp\/v2\/posts\/70942\/revisions"}],"wp:featuredmedia":[{"embeddable":true,"href":"https:\/\/linitiative.ca\/International\/wp-json\/"}],"wp:attachment":[{"href":"https:\/\/linitiative.ca\/International\/wp-json\/wp\/v2\/media?parent=70942"}],"wp:term":[{"taxonomy":"category","embeddable":true,"href":"https:\/\/linitiative.ca\/International\/wp-json\/wp\/v2\/categories?post=70942"},{"taxonomy":"post_tag","embeddable":true,"href":"https:\/\/linitiative.ca\/International\/wp-json\/wp\/v2\/tags?post=70942"}],"curies":[{"name":"wp","href":"https:\/\/api.w.org\/{rel}","templated":true}]}}