{"id":70944,"date":"2019-12-21T15:04:37","date_gmt":"2019-12-21T20:04:37","guid":{"rendered":"https:\/\/linitiative.ca\/International\/une-campagne-medicale-a-la-prison-locale-de-bouarfa\/"},"modified":"2019-12-21T15:04:37","modified_gmt":"2019-12-21T20:04:37","slug":"une-campagne-medicale-a-la-prison-locale-de-bouarfa","status":"publish","type":"post","link":"https:\/\/linitiative.ca\/International\/une-campagne-medicale-a-la-prison-locale-de-bouarfa\/","title":{"rendered":"Une campagne m\u00e9dicale \u00e0 la prison locale de Bouarfa"},"content":{"rendered":"<p class=\"c4\">La Fondation Mohammed VI pour la r\u00e9insertion des d\u00e9tenus organise, le 22 d\u00e9cembre en partenariat avec la D\u00e9l\u00e9gation g\u00e9n\u00e9rale \u00e0 l\u2019administration p\u00e9nitentiaire et \u00e0 la r\u00e9insertion et le minist\u00e8re de la Sant\u00e9, une campagne m\u00e9dicale multidisciplinaire au profit des pensionnaires de la prison locale de Bouarfa.<\/p>\n<p class=\"c4\">Cette initiative, men\u00e9e en partenariat \u00e9galement avec l\u2019Ordre des m\u00e9decins de la r\u00e9gion de l\u2019Oriental et la Fondation de l\u2019Oriental pour le soutien \u00e0 la sant\u00e9, \u00e0 l\u2019\u00e9ducation et \u00e0 l\u2019action sociale, est plac\u00e9e sous le th\u00e8me \u00abOn vous veut en meilleure sant\u00e9\u00bb, indique un communiqu\u00e9 de la Fondation parvenu samedi \u00e0 la MAP.<\/p>\n<p class=\"c4\">La campagne m\u00e9dicale s\u2019inscrit dans le cadre de l\u2019engagement de la Fondation Mohammed VI pour la r\u00e9insertion des d\u00e9tenus \u00e0 mettre en \u0153uvre la convention de partenariat avec la D\u00e9l\u00e9gation g\u00e9n\u00e9rale \u00e0 l\u2019administration p\u00e9nitentiaire et \u00e0 la r\u00e9insertion et le minist\u00e8re de la Sant\u00e9, portant sur le renforcement des soins et des services de sant\u00e9 au profit des pensionnaires des \u00e9tablissements p\u00e9nitentiaires, conform\u00e9ment \u00e0 la politique \u00e9clair\u00e9e de SM le Roi Mohammed VI en mati\u00e8re de pr\u00e9servation de la dignit\u00e9 humaine au profit de cette cat\u00e9gorie de citoyens.<\/p>\n<p class=\"c4\">Quelque 500 d\u00e9tenus b\u00e9n\u00e9ficieront de cette campagne m\u00e9dicale pr\u00e9voyant diverses consultations et services m\u00e9dicaux, et qui mobilisera 34 m\u00e9decins sp\u00e9cialistes dans plusieurs sp\u00e9cialit\u00e9s, \u00e0 savoir la m\u00e9decine g\u00e9n\u00e9rale, la cardiologie, l\u2019ophtalmologie, la gastroent\u00e9rologie, l\u2019endocrinologie, la n\u00e9phrologie, la pneumologie, la m\u00e9decine mentale et psychiatrie, la dermatologie et la m\u00e9decine dentaire.<\/p>\n<p class=\"c4\">Cette initiative sera \u00e9galement marqu\u00e9e par la distribution de m\u00e9dicaments aux patients d\u00e9tenus, ainsi que par la remise de couvertures aux d\u00e9tenus les plus vuln\u00e9rables pour faire face \u00e0 la vague de froid que connait la r\u00e9gion, poursuit le communiqu\u00e9.<\/p>\n<p>Auteur: Soufiane ELAHMAR<br \/>\n<a href=\"http:\/\/www.mapoujda.ma\/fr\/une-campagne-medicale-a-la-prison-locale-de-bouarfa\/\">Cliquez ici pour lire l&rsquo;article depuis sa source.<\/a><\/p>\n","protected":false},"excerpt":{"rendered":"<p>La Fondation Mohammed VI pour la r\u00e9insertion des d\u00e9tenus organise, le 22 d\u00e9cembre en partenariat avec la D\u00e9l\u00e9gation g\u00e9n\u00e9rale \u00e0 l\u2019administration p\u00e9nitentiaire et \u00e0 la r\u00e9insertion et le minist\u00e8re de la Sant\u00e9, une campagne m\u00e9dicale multidisciplinaire au profit des pensionnaires de la prison locale de Bouarfa. Cette initiative, men\u00e9e en partenariat \u00e9galement avec l\u2019Ordre des [&hellip;]<\/p>\n","protected":false},"author":1788,"featured_media":0,"comment_status":"closed","ping_status":"closed","sticky":false,"template":"","format":"standard","meta":{"fifu_image_url":"","fifu_image_alt":"","footnotes":""},"categories":[54,76],"tags":[],"class_list":["post-70944","post","type-post","status-publish","format-standard","hentry","category-maroc","category-regions"],"_links":{"self":[{"href":"https:\/\/linitiative.ca\/International\/wp-json\/wp\/v2\/posts\/70944","targetHints":{"allow":["GET"]}}],"collection":[{"href":"https:\/\/linitiative.ca\/International\/wp-json\/wp\/v2\/posts"}],"about":[{"href":"https:\/\/linitiative.ca\/International\/wp-json\/wp\/v2\/types\/post"}],"author":[{"embeddable":true,"href":"https:\/\/linitiative.ca\/International\/wp-json\/wp\/v2\/users\/1788"}],"replies":[{"embeddable":true,"href":"https:\/\/linitiative.ca\/International\/wp-json\/wp\/v2\/comments?post=70944"}],"version-history":[{"count":0,"href":"https:\/\/linitiative.ca\/International\/wp-json\/wp\/v2\/posts\/70944\/revisions"}],"wp:attachment":[{"href":"https:\/\/linitiative.ca\/International\/wp-json\/wp\/v2\/media?parent=70944"}],"wp:term":[{"taxonomy":"category","embeddable":true,"href":"https:\/\/linitiative.ca\/International\/wp-json\/wp\/v2\/categories?post=70944"},{"taxonomy":"post_tag","embeddable":true,"href":"https:\/\/linitiative.ca\/International\/wp-json\/wp\/v2\/tags?post=70944"}],"curies":[{"name":"wp","href":"https:\/\/api.w.org\/{rel}","templated":true}]}}