{"id":70955,"date":"2019-12-22T05:55:00","date_gmt":"2019-12-22T10:55:00","guid":{"rendered":"https:\/\/linitiative.ca\/International\/production-nationale-le-president-tebboune-met-en-avant-son-soutien-aux-projets-productifs-createurs-demplois-actualise\/"},"modified":"2019-12-22T05:55:00","modified_gmt":"2019-12-22T10:55:00","slug":"production-nationale-le-president-tebboune-met-en-avant-son-soutien-aux-projets-productifs-createurs-demplois-actualise","status":"publish","type":"post","link":"https:\/\/linitiative.ca\/International\/production-nationale-le-president-tebboune-met-en-avant-son-soutien-aux-projets-productifs-createurs-demplois-actualise\/","title":{"rendered":"Production nationale : Le pr\u00e9sident Tebboune met en avant son soutien aux projets productifs cr\u00e9ateurs d&#8217;emplois (actualis\u00e9)"},"content":{"rendered":"<p>Les incitations fiscales et les avantages accord\u00e9s par l&rsquo;Etat (fonciers, cr\u00e9dits et autres) doivent avoir une contrepartie, \u00e0 savoir la cr\u00e9ation d&rsquo;un nombre important de postes d&#8217;emploi, a fait savoir le pr\u00e9sident de la R\u00e9publique lors de l&rsquo;inauguration de la 28e \u00e9dition de la Foire de la production nationale. \u00ab\u00a0Il faut r\u00e9duire le taux du ch\u00f4mage et ceci ne peut se faire qu&rsquo;\u00e0 travers de v\u00e9ritables projets productifs cr\u00e9ateurs d&#8217;emploi et non de \u2018richesse illusoire\u2019, a-t-il soutenu. Affirmant que \u00ab\u00a02020 sera une ann\u00e9e diff\u00e9rente pour les op\u00e9rateurs \u00e9conomiques \u00e0 la condition de s&rsquo;engager \u00e0 \u00e9largir leurs activit\u00e9s, \u00e0 redynamiser l&rsquo;\u00e9conomie nationale et \u00e0 cr\u00e9er des postes d&#8217;emploi,\u00a0 M. Tebboune a soulign\u00e9 l&rsquo;imp\u00e9ratif d&rsquo;encourager l&rsquo;exportation du produit national. La promotion de l&rsquo;exportation du produit national est l&rsquo;unique voie de parvenir \u00e0 la diversification de l&rsquo;\u00e9conomie nationale et \u00e0 la sortie de la d\u00e9pendance aux hydrocarbures, graduellement, a-t-il estim\u00e9, ajoutant dans ce sens, \u00ab\u00a0nous avons appris \u00e0 acheter au lieu de vendre. \u00e0 importer au lieu d&rsquo;exporter&#8230; Nous ne pouvons continuer ainsi, la tendance doit changer\u00a0\u00bb.Inspectant le pavillon des produits agroalimentaires, M. Tebboune a mis l&rsquo;accent sur la n\u00e9cessaire protection de ces produits, faisant savoir que les accords commerciaux, notamment avec l&rsquo;Union europ\u00e9enne pr\u00e9voient des clauses permettant la prises de mesures de protection du produit national. Le pr\u00e9sident de la R\u00e9publique a fait \u00e9tat, dans ce contexte de \u00ab\u00a0l&rsquo;interdiction de l&rsquo;importation des fruits et l\u00e9gumes durant leur saison\u00a0\u00bb, affirmant que \u00ab\u00a0le recours \u00e0 l&rsquo;importation se fera \u00e0 titre exceptionnelle dans le cas o\u00f9 la production national n&rsquo;arrive pas \u00e0 satisfaire la demande du march\u00e9 local\u00a0\u00bb.Soulignant l&rsquo;imp\u00e9ratif d&rsquo;accorder davantage d&rsquo;int\u00e9r\u00eat \u00e0 l&rsquo;activit\u00e9 de stockage et refroidissement des produits agricoles au regard de son r\u00f4le dans la r\u00e9gulation du march\u00e9, M. Tebboune a \u00e9voqu\u00e9 la cr\u00e9ation d&rsquo;une soci\u00e9t\u00e9 sp\u00e9cialis\u00e9e en la mati\u00e8re au niveau des ports et a\u00e9roports. A ce propos, le chef de l&rsquo;Etat mis en garde contre la possibilit\u00e9 de p\u00e9nuries, notamment des mati\u00e8res premi\u00e8res comme la pomme de terre, dont le prix ne doit pas d\u00e9passer 60 DA, a-t-il ajout\u00e9 afin de pr\u00e9server le pouvoir d&rsquo;achat du citoyen, \u00ab\u00a0qui est une pr\u00e9occupation majeure\u00a0\u00bb pour l&rsquo;Etat.<\/p>\n<p>Au niveau du pavillon des industries militaires, le pr\u00e9sident de la R\u00e9publique a appel\u00e9 les op\u00e9rateurs industriels \u00e0 s&rsquo;inspirer de l&rsquo;industrie militaire en termes de taux d&rsquo;int\u00e9gration national, de patriotisme, d&rsquo;engagement et de s\u00e9rieux dans le processus de redressement industriel\u00a0\u00bb. Le chef de l&rsquo;Etat a d\u00e9plor\u00e9, dans ce cadre, le fait que certains op\u00e9rateurs ont gaspill\u00e9, des ann\u00e9es durant, d&rsquo;importantes ressources financi\u00e8res en monnaie nationale et en devise \u00e9trang\u00e8re sans aucun r\u00e9sultat. \u00ab\u00a0Certains projets ne peuvent \u00eatre qualifi\u00e9s d&rsquo;industrie, car il s&rsquo;agit simplement d&rsquo;une importation masqu\u00e9e\u00a0\u00bb, a-t-il lanc\u00e9, appelant \u00e0 \u00ab\u00a0r\u00e9viser les proc\u00e9d\u00e9s d&rsquo;importation\u00a0\u00bb et \u00e0 \u00ab\u00a0traiter certaines pratiques immorales entachant cette op\u00e9ration\u00a0\u00bb. Au pavillon \u00ab\u00a0Alg\u00e9ria Innov\u00a0\u00bb r\u00e9serv\u00e9 aux start-up, le pr\u00e9sident Tebboune a annonc\u00e9 la cr\u00e9ation d&rsquo;un d\u00e9partement minist\u00e9riel d\u00e9di\u00e9 aux start-up et \u00e0 la micro-entreprise, outre d&rsquo;une banque pour le suivi et l&rsquo;accompagnement des jeunes porteurs de projets, ainsi que des incubateurs dans toutes les grandes villes du pays.<\/p>\n<p>\u00a0Concernant le secteur de l&rsquo;habitat, le chef de l&rsquo;Etat a pr\u00f4n\u00e9 l&rsquo;acc\u00e9l\u00e9ration du rythme de r\u00e9alisation des projets en accordant l&rsquo;importance \u00e0 la qualit\u00e9 des logements, ordonnant le r\u00e8glement rapide de la situation des\u00a0 souscripteurs qui attendent tant leurs logements.<\/p>\n<p>Lors de sa visite aux pavillons des industries pharmaceutiques, le pr\u00e9sident de la R\u00e9publique a appel\u00e9 le Groupe public Sa\u00efdal \u00e0 augmenter sa part dans le march\u00e9 national de 30 \u00e0 40% au minimum, affirmant l&rsquo;imp\u00e9ratif d&rsquo;accorder la priorit\u00e9 \u00e0 la couverture des besoins nationaux en termes de m\u00e9dicaments de base notamment ceux ayant trait \u00e0 la sant\u00e9 maternelle et infantile. \u00ab\u00a0Nous esp\u00e9rons voir Sa\u00efdal reprendre sa place sur le march\u00e9 national et \u00eatre plus entreprenant\u00a0\u00bb, a-t-il poursuivi se disant \u00ab\u00a0pr\u00eat \u00e0 encourager le Groupe \u00e0 r\u00e9aliser cet objectif. Le pr\u00e9sident de la R\u00e9publique a ordonn\u00e9, par ailleurs, la r\u00e9ouverture de l&rsquo;ensemble des a\u00e9rogares inexploit\u00e9es au niveau national afin de dynamiser le trafic a\u00e9rien int\u00e9rieur, estimant \u00ab\u00a0+intol\u00e9rable+ de construire des a\u00e9roports au niveau national sans que ceux-ci ne soient op\u00e9rationnels et desservir quotidiennement\u00a0\u00bb. La 28e \u00e9dition de la Foire de la production nationale a \u00e9t\u00e9 marqu\u00e9e, en outre, par le lancement d&rsquo;une campagne de sensibilisation des citoyens quant \u00e0 la n\u00e9cessit\u00e9 de la lutte contre le gaspillage du pain. Dans ce cadre, M. Tebboune a estim\u00e9 qu&rsquo;il \u00e9tait \u00ab\u00a0inconcevable\u00a0\u00bb que l&rsquo;Alg\u00e9rie importe du bl\u00e9 pour gaspiller le pain\u00a0\u00bb, qualifiant de tel comportement de \u00ab\u00a0perte en devises\u00a0\u00bb (les devises d\u00e9pens\u00e9es pour l&rsquo;importation du bl\u00e9 NDLR)\u00a0\u00bb.Plac\u00e9e sous le slogan \u00ab\u00a0Alg\u00e9rie : une \u00e9conomie diversifi\u00e9e, innovante et comp\u00e9titive\u00a0\u00bb, cette 28\u00e8me \u00e9dition se tient jusqu\u2019au 28 d\u00e9cembre avec la participation de 467 entreprises alg\u00e9riennes publiques, priv\u00e9es et start-up, sur une superficie globale de 22.352 m2, selon la Soci\u00e9t\u00e9 alg\u00e9rienne des foires et exportations (Safex), organisatrice de cet \u00e9v\u00e8nement. Les entreprises participantes \u00e0 la FPA 2019 repr\u00e9sentent tous secteurs d&rsquo;activit\u00e9s confondus : \u00e9nergie, chimie et p\u00e9trochimie, industrie diverses et de transformation, b\u00e2timent et travaux publics, agroalimentaire et services. Selon les organisateurs, cette manifestation vise essentiellement \u00e0 faire conna\u00eetre les capacit\u00e9s de production de l&rsquo;entreprise nationale, ses \u00e9volutions et ambitions dans le cadre du nouveau mod\u00e8le de croissance de l&rsquo;\u00e9conomie alg\u00e9rienne. En marge de l&rsquo;exposition, plusieurs ateliers et conf\u00e9rences seront organis\u00e9s et porteront sur des th\u00e9matiques ayant trait \u00e0 l&rsquo;activit\u00e9 de la production en Alg\u00e9rie, notamment la num\u00e9risation, l&rsquo;innovation, le d\u00e9fi de l&rsquo;exportation et le financement des start-up. Par ailleurs, un espace de ventes promotionnelles destin\u00e9 au grand public, a \u00e9t\u00e9 am\u00e9nag\u00e9 au niveau du pavillon \u00ab\u00a0Saoura\u00a0\u00bb.<\/p>\n<p>Le pr\u00e9sident de la R\u00e9publique, Abdelmadjid Tebboune, a inaugur\u00e9 dimanche, la 28\u00e8me Foire de la production Alg\u00e9rienne \u00ab\u00a0FPA 2019\u00a0\u00bb, au Palais des expositions (Pins maritimes), Alger, en pr\u00e9sence de membres du gouvernement, de plusieurs personnalit\u00e9s et des repr\u00e9sentants du corps diplomatique accr\u00e9dit\u00e9s en Alg\u00e9rie.<\/p>\n<p>Cette inauguration constitue la premi\u00e8re sortie sur le terrain du Pr\u00e9sident de la R\u00e9publique, qui a pr\u00eat\u00e9 serment jeudi.\u00a0<\/p>\n<p>Plac\u00e9e sous le slogan \u00ab\u00a0Alg\u00e9rie : une \u00e9conomie diversifi\u00e9e, innovante et comp\u00e9titive\u00a0\u00bb, cette 28\u00e8me \u00e9dition se tient jusqu\u2019au 28 d\u00e9cembre avec la participation de 467 entreprises alg\u00e9riennes publiques, priv\u00e9es et start-up, sur une superficie globale de 22.352 m2, selon la Soci\u00e9t\u00e9 alg\u00e9rienne des foires et exportations (Safex), organisatrice de cet \u00e9v\u00e8nement.<\/p>\n<p>Les entreprises participantes \u00e0 la FPA 2019 repr\u00e9sentent tous secteurs d&rsquo;activit\u00e9s confondus : \u00e9nergie, chimie et p\u00e9trochimie, industrie diverses et de transformation, b\u00e2timent et travaux publics, agroalimentaire et services.<\/p>\n<p>Les entreprises de l&rsquo;industrie militaire ainsi que celles du secteur de l&rsquo;automobile sont aussi pr\u00e9sentes \u00e0 la FPA 2019, et ce, pour la 4\u00e8me ann\u00e9e cons\u00e9cutive.<\/p>\n<p>Cette \u00e9dition est marqu\u00e9e \u00e9galement par la participation de 50 start-up et jeunes entrepreneurs venus exposer leurs exp\u00e9riences et produits et services au niveau du pavillon \u00ab\u00a0Algeria Innov\u00bb qui sera \u00ab\u00a0une v\u00e9ritable p\u00e9pini\u00e8re d&rsquo;id\u00e9es et d&rsquo;opportunit\u00e9s\u00a0\u00bb, selon la Safex.<\/p>\n<p>Selon les organisateurs, cette manifestation vise essentiellement \u00e0 faire conna\u00eetre les capacit\u00e9s de production de l&rsquo;entreprise nationale, ses \u00e9volutions et ambitions dans le cadre du nouveau mod\u00e8le de croissance de l&rsquo;\u00e9conomie alg\u00e9rienne.<\/p>\n<p>En marge de l&rsquo;exposition, plusieurs ateliers et conf\u00e9rences seront<\/p>\n<p>organis\u00e9s et porteront sur des th\u00e9matiques ayant trait \u00e0 l&rsquo;activit\u00e9 de la production en Alg\u00e9rie, notamment la num\u00e9risation, l&rsquo;innovation, le d\u00e9fi de l&rsquo;exportation et le financement des start-up.<\/p>\n<p>En outre, trois campagnes de sensibilisation seront men\u00e9es par des organisations de la soci\u00e9t\u00e9 civile et des acteurs \u00e9conomiques et institutionnels pour la lutte contre le gaspillage du pain, l&rsquo;encouragement de l&rsquo;utilisation des sacs en papier au lieu des sacs en plastique ainsi que l&rsquo;utilisation des moyens de paiement \u00e9lectronique. Par ailleurs, un espace de ventes promotionnelles destin\u00e9 au grand public, a \u00e9t\u00e9 am\u00e9nag\u00e9 au niveau du pavillon \u00ab\u00a0Saoura\u00a0\u00bb.<\/p>\n<p><strong><span class=\"c6\">R\u00e9daction Web \/ L.S<\/span><\/strong><\/p>\n<p>Auteur: elmoudjahid<br \/>\n<a href=\"http:\/\/www.elmoudjahid.com\/fr\/actualites\/146153\">Cliquez ici pour lire l&rsquo;article depuis sa source.<\/a><\/p>\n","protected":false},"excerpt":{"rendered":"<p>Les incitations fiscales et les avantages accord\u00e9s par l&rsquo;Etat (fonciers, cr\u00e9dits et autres) doivent avoir une contrepartie, \u00e0 savoir la cr\u00e9ation d&rsquo;un nombre important de postes d&#8217;emploi, a fait savoir le pr\u00e9sident de la R\u00e9publique lors de l&rsquo;inauguration de la 28e \u00e9dition de la Foire de la production nationale. \u00ab\u00a0Il faut r\u00e9duire le taux du [&hellip;]<\/p>\n","protected":false},"author":1744,"featured_media":0,"comment_status":"closed","ping_status":"closed","sticky":false,"template":"","format":"standard","meta":{"fifu_image_url":"","fifu_image_alt":"","footnotes":""},"categories":[73,53],"tags":[],"class_list":["post-70955","post","type-post","status-publish","format-standard","hentry","category-actualite","category-algerie"],"_links":{"self":[{"href":"https:\/\/linitiative.ca\/International\/wp-json\/wp\/v2\/posts\/70955","targetHints":{"allow":["GET"]}}],"collection":[{"href":"https:\/\/linitiative.ca\/International\/wp-json\/wp\/v2\/posts"}],"about":[{"href":"https:\/\/linitiative.ca\/International\/wp-json\/wp\/v2\/types\/post"}],"author":[{"embeddable":true,"href":"https:\/\/linitiative.ca\/International\/wp-json\/wp\/v2\/users\/1744"}],"replies":[{"embeddable":true,"href":"https:\/\/linitiative.ca\/International\/wp-json\/wp\/v2\/comments?post=70955"}],"version-history":[{"count":0,"href":"https:\/\/linitiative.ca\/International\/wp-json\/wp\/v2\/posts\/70955\/revisions"}],"wp:attachment":[{"href":"https:\/\/linitiative.ca\/International\/wp-json\/wp\/v2\/media?parent=70955"}],"wp:term":[{"taxonomy":"category","embeddable":true,"href":"https:\/\/linitiative.ca\/International\/wp-json\/wp\/v2\/categories?post=70955"},{"taxonomy":"post_tag","embeddable":true,"href":"https:\/\/linitiative.ca\/International\/wp-json\/wp\/v2\/tags?post=70955"}],"curies":[{"name":"wp","href":"https:\/\/api.w.org\/{rel}","templated":true}]}}