{"id":70956,"date":"2019-12-22T06:02:00","date_gmt":"2019-12-22T11:02:00","guid":{"rendered":"https:\/\/linitiative.ca\/International\/msila-les-travaux-de-rehabilitation-de-32-lotissements-sociaux-bientot-paracheves\/"},"modified":"2019-12-22T06:02:00","modified_gmt":"2019-12-22T11:02:00","slug":"msila-les-travaux-de-rehabilitation-de-32-lotissements-sociaux-bientot-paracheves","status":"publish","type":"post","link":"https:\/\/linitiative.ca\/International\/msila-les-travaux-de-rehabilitation-de-32-lotissements-sociaux-bientot-paracheves\/","title":{"rendered":"M\u2019sila :  Les travaux de r\u00e9habilitation de 32 lotissements sociaux bient\u00f4t parachev\u00e9s"},"content":{"rendered":"<p>Le chantier de r\u00e9habilitation de 32 lotissements sociaux implant\u00e9s dans plusieurs communes de la wilaya de M\u2019sila, entam\u00e9 depuis un an, sera prochainement parachev\u00e9 ont annonc\u00e9 dimanche les services de la wilaya.<\/p>\n<p>Cette op\u00e9ration qui englobe un total de 9000 lots de terrains sociaux destin\u00e9s \u00e0 la construction individuelle, a n\u00e9cessit\u00e9 la mobilisation d\u2019une enveloppe financi\u00e8re de l\u2019ordre de 2 milliards de dinars consacr\u00e9e \u00e0 la r\u00e9alisation des r\u00e9seaux d\u2019assainissement, d\u2019AEP, de l\u2019\u00e9lectricit\u00e9 et du gaz, a pr\u00e9cis\u00e9 la m\u00eame source.<\/p>\n<p>Cette ensemble de lots de terrains sera attribu\u00e9 en 2020 aux demandeurs de l\u2019auto construction en sus d\u2019une subvention financi\u00e8re comme le stipule la r\u00e9glementation en vigueur selon les m\u00eames services. Cette op\u00e9ration qui s\u2019inscrit dans le cadre de diversification de l\u2019offre du logement contribuera \u00e0 encourager la construction individuelle, \u00e0 all\u00e9ger la demande sur le logement le public locatif (LPL) notamment ont expliqu\u00e9 les services de la wilaya. Au cours de l\u2019ann\u00e9e 2019, plus de 1500 lots de terrains destin\u00e9s \u00e0 la construction individuelle ont \u00e9t\u00e9 attribu\u00e9s dans dix communes de la wilaya de M\u2019sila, ont-t-il conclu.<\/p>\n<p>APS \/ R\u00e9daction Web. L.S<\/p>\n<p>Auteur: elmoudjahid<br \/>\n<a href=\"http:\/\/www.elmoudjahid.com\/fr\/actualites\/146154\">Cliquez ici pour lire l&rsquo;article depuis sa source.<\/a><\/p>\n","protected":false},"excerpt":{"rendered":"<p>Le chantier de r\u00e9habilitation de 32 lotissements sociaux implant\u00e9s dans plusieurs communes de la wilaya de M\u2019sila, entam\u00e9 depuis un an, sera prochainement parachev\u00e9 ont annonc\u00e9 dimanche les services de la wilaya. Cette op\u00e9ration qui englobe un total de 9000 lots de terrains sociaux destin\u00e9s \u00e0 la construction individuelle, a n\u00e9cessit\u00e9 la mobilisation d\u2019une enveloppe [&hellip;]<\/p>\n","protected":false},"author":1744,"featured_media":0,"comment_status":"closed","ping_status":"closed","sticky":false,"template":"","format":"standard","meta":{"fifu_image_url":"","fifu_image_alt":"","footnotes":""},"categories":[73,53],"tags":[],"class_list":["post-70956","post","type-post","status-publish","format-standard","hentry","category-actualite","category-algerie"],"_links":{"self":[{"href":"https:\/\/linitiative.ca\/International\/wp-json\/wp\/v2\/posts\/70956","targetHints":{"allow":["GET"]}}],"collection":[{"href":"https:\/\/linitiative.ca\/International\/wp-json\/wp\/v2\/posts"}],"about":[{"href":"https:\/\/linitiative.ca\/International\/wp-json\/wp\/v2\/types\/post"}],"author":[{"embeddable":true,"href":"https:\/\/linitiative.ca\/International\/wp-json\/wp\/v2\/users\/1744"}],"replies":[{"embeddable":true,"href":"https:\/\/linitiative.ca\/International\/wp-json\/wp\/v2\/comments?post=70956"}],"version-history":[{"count":0,"href":"https:\/\/linitiative.ca\/International\/wp-json\/wp\/v2\/posts\/70956\/revisions"}],"wp:attachment":[{"href":"https:\/\/linitiative.ca\/International\/wp-json\/wp\/v2\/media?parent=70956"}],"wp:term":[{"taxonomy":"category","embeddable":true,"href":"https:\/\/linitiative.ca\/International\/wp-json\/wp\/v2\/categories?post=70956"},{"taxonomy":"post_tag","embeddable":true,"href":"https:\/\/linitiative.ca\/International\/wp-json\/wp\/v2\/tags?post=70956"}],"curies":[{"name":"wp","href":"https:\/\/api.w.org\/{rel}","templated":true}]}}