{"id":70957,"date":"2019-12-22T08:30:00","date_gmt":"2019-12-22T13:30:00","guid":{"rendered":"https:\/\/linitiative.ca\/International\/quinze-unites-de-lanp-a-la-foire-encourager-la-production-nationale\/"},"modified":"2019-12-22T08:30:00","modified_gmt":"2019-12-22T13:30:00","slug":"quinze-unites-de-lanp-a-la-foire-encourager-la-production-nationale","status":"publish","type":"post","link":"https:\/\/linitiative.ca\/International\/quinze-unites-de-lanp-a-la-foire-encourager-la-production-nationale\/","title":{"rendered":"Quinze unit\u00e9s de l&rsquo;ANP \u00e0 la Foire : Encourager la production nationale"},"content":{"rendered":"<p>En effet, cette participation \u00ab\u00a0s\u2019inscrit dans le cadre de la dynamique de relance \u00e9conomique nationale visant \u00e0 encourager la production nationale, et en ex\u00e9cution des instructions du \u00a0G\u00e9n\u00e9ral de Corps d&rsquo;Arm\u00e9e, Vice-ministre de la D\u00e9fense Nationale, Chef d&rsquo;Etat-Major de l&rsquo;Arm\u00e9e Nationale Populaire portant sur le d\u00e9veloppement d&rsquo;une forte base industrielle militaire\u00a0\u00bb, a indiqu\u00e9 Dimanche, le MDN , dans un communiqu\u00e9 .<\/p>\n<p>A cette occasion, l&rsquo;espace d\u00e9di\u00e9 \u00e0 l&rsquo;ANP situ\u00e9 au Pavillon central de la SAFEX, tout au long de cette importante manifestation \u00e9conomique, sera ouvert pour visiter les diff\u00e9rents stands des unit\u00e9s de production et d\u00e9couvrir la panoplie de produits refl\u00e9tant le haut niveau des fabrications militaires dans leurs diff\u00e9rentes fili\u00e8res, et contribuant \u00e0 la consolidation d&rsquo;un tissu \u00e9conomique national de qualit\u00e9, et ce, \u00e0 travers de nombreuses entreprises et unit\u00e9s de production sp\u00e9cialis\u00e9es dans divers domaines, \u00e0 l&rsquo;instar du secteur du textile, des industries m\u00e9caniques l\u00e9g\u00e8res et lourdes, des industries \u00e9lectroniques ainsi que de la r\u00e9novation des mat\u00e9riels a\u00e9riens et navals, a pr\u00e9cis\u00e9 le communiqu\u00e9 du MDN.<\/p>\n<p><strong>Neila B\/R\u00e9daction Web<\/strong><\/p>\n<p>Auteur: elmoudjahid<br \/>\n<a href=\"http:\/\/www.elmoudjahid.com\/fr\/actualites\/146155\">Cliquez ici pour lire l&rsquo;article depuis sa source.<\/a><\/p>\n","protected":false},"excerpt":{"rendered":"<p>En effet, cette participation \u00ab\u00a0s\u2019inscrit dans le cadre de la dynamique de relance \u00e9conomique nationale visant \u00e0 encourager la production nationale, et en ex\u00e9cution des instructions du \u00a0G\u00e9n\u00e9ral de Corps d&rsquo;Arm\u00e9e, Vice-ministre de la D\u00e9fense Nationale, Chef d&rsquo;Etat-Major de l&rsquo;Arm\u00e9e Nationale Populaire portant sur le d\u00e9veloppement d&rsquo;une forte base industrielle militaire\u00a0\u00bb, a indiqu\u00e9 Dimanche, le [&hellip;]<\/p>\n","protected":false},"author":1744,"featured_media":0,"comment_status":"closed","ping_status":"closed","sticky":false,"template":"","format":"standard","meta":{"fifu_image_url":"","fifu_image_alt":"","footnotes":""},"categories":[73,53],"tags":[],"class_list":["post-70957","post","type-post","status-publish","format-standard","hentry","category-actualite","category-algerie"],"_links":{"self":[{"href":"https:\/\/linitiative.ca\/International\/wp-json\/wp\/v2\/posts\/70957","targetHints":{"allow":["GET"]}}],"collection":[{"href":"https:\/\/linitiative.ca\/International\/wp-json\/wp\/v2\/posts"}],"about":[{"href":"https:\/\/linitiative.ca\/International\/wp-json\/wp\/v2\/types\/post"}],"author":[{"embeddable":true,"href":"https:\/\/linitiative.ca\/International\/wp-json\/wp\/v2\/users\/1744"}],"replies":[{"embeddable":true,"href":"https:\/\/linitiative.ca\/International\/wp-json\/wp\/v2\/comments?post=70957"}],"version-history":[{"count":0,"href":"https:\/\/linitiative.ca\/International\/wp-json\/wp\/v2\/posts\/70957\/revisions"}],"wp:attachment":[{"href":"https:\/\/linitiative.ca\/International\/wp-json\/wp\/v2\/media?parent=70957"}],"wp:term":[{"taxonomy":"category","embeddable":true,"href":"https:\/\/linitiative.ca\/International\/wp-json\/wp\/v2\/categories?post=70957"},{"taxonomy":"post_tag","embeddable":true,"href":"https:\/\/linitiative.ca\/International\/wp-json\/wp\/v2\/tags?post=70957"}],"curies":[{"name":"wp","href":"https:\/\/api.w.org\/{rel}","templated":true}]}}