{"id":70958,"date":"2019-12-22T08:00:00","date_gmt":"2019-12-22T13:00:00","guid":{"rendered":"https:\/\/linitiative.ca\/International\/affaire-du-centre-arena-a-constantine-le-president-de-lassociation-mis-en-detention-provisoire\/"},"modified":"2019-12-22T08:00:00","modified_gmt":"2019-12-22T13:00:00","slug":"affaire-du-centre-arena-a-constantine-le-president-de-lassociation-mis-en-detention-provisoire","status":"publish","type":"post","link":"https:\/\/linitiative.ca\/International\/affaire-du-centre-arena-a-constantine-le-president-de-lassociation-mis-en-detention-provisoire\/","title":{"rendered":"Affaire du centre Arena  \u00e0 Constantine : Le pr\u00e9sident de l&rsquo;association mis en d\u00e9tention provisoire"},"content":{"rendered":"<p>L\u2019arrestation, dans la nuit du vendredi au samedi, de neuf membres d\u2019une association non agr\u00e9\u00e9e d\u00e9nomm\u00e9e l\u2019acad\u00e9mie arabe Arena, sp\u00e9cialis\u00e9e, selon sa page sur les r\u00e9seaux sociaux, dans la \u00ab\u2009recherche en psychologie et sociologie\u2009\u00bb, et ce apr\u00e8s que les gendarmes de Constantine aient d\u00e9couvert au niveau d\u2019une villa, situ\u00e9e dans la cit\u00e9 El Mouna (Benchicou),qui leur servaient de locaux d\u2019accueil, une trentaine d\u2019enfants \u00e0 besoins sp\u00e9cifiques des deux sexes, \u00e2g\u00e9s de 4 \u00e0 9 ans, essentiellement des autistes, lesquels se trouvaient dans un \u00e9tat d\u00e9plorable, et pr\u00e9sentaient, pour certains, des blessures et contusions, en plus traces de br\u00fblure. Selon des sources locales, le nombre total des enfants confi\u00e9s par leurs parents audit centre s\u2019\u00e9l\u00e8ve \u00e0 cinquante, en provenance de diverses r\u00e9gions parfois lointaines du pays, \u00e0 l\u2019image d\u2019Alger et Gharda\u00efa. Vendredi soir, seulement trente-et-un d\u2019entre eux se trouvaient sur les lieux, les autres \u00e9tant rentr\u00e9s passer le weekend avec leurs familles. C\u2019est \u00e0 la suite \u00e0 une plainte d\u2019un parent que les gendarmes du groupement territorial de la wilaya de Constantine ont op\u00e9r\u00e9 leur descente et proc\u00e9d\u00e9 \u00e0 l\u2019arrestation des personnes impliqu\u00e9es.<\/p>\n<p><strong>Des conditions d\u2019h\u00e9bergement inhumaines<\/strong><\/p>\n<p>Pr\u00e9sente sur les lieux, la directrice locale de l\u2019action sociale (DAS), Samia Gouah, a d\u00e9clar\u00e9 : \u00ab\u2009Le pr\u00e9tendu centre ne dispose pas d\u2019un agr\u00e9ment et ne remplit pas les normes en vigueur en mati\u00e8re de prise en charge d\u2019enfants \u00e0 besoins sp\u00e9cifiques. La puanteur qui r\u00e9gnait dans les locaux \u00e9tait indescriptible, et il y avait des d\u00e9tritus dans tous les coins. Les pensionnaires se trouvaient dans des conditions inhumaines. Ils erraient l\u00e0, hagards, les pieds nus. C\u2019est un v\u00e9ritable crime qui a \u00e9t\u00e9 commis \u00e0 leur \u00e9gard\u2009\u00bb. Concernant la prise en charge des victimes, Mme Gouah a fait part du transfert de ces derni\u00e8res \u00e0 l\u2019\u00e9tablissement Diar Er-Rahma du quartier mitoyen de Djebel El Ouahche o\u00f9 une aile enti\u00e8re leur a \u00e9t\u00e9 affect\u00e9e, en plus de la r\u00e9quisition d\u2019une \u00e9quipe m\u00e9dico-p\u00e9dagogique.En ce qui a trait \u00e0 l\u2019\u00e9tat de sant\u00e9 des enfants, la DAS a r\u00e9v\u00e9l\u00e9 que \u00ab\u2009d\u00e8s la premi\u00e8re consultation, ses services avaient constat\u00e9 la pr\u00e9sence de traces de graves br\u00fblures chez l\u2019un des pensionnaires, alors que le passage \u00e0 la douche a permis de d\u00e9tecter de signes de maltraitance sur les corps de trois autres. Deux d\u2019entre ces derniers ont d\u2019ailleurs \u00e9t\u00e9 achemin\u00e9s au centre hospitalo-universitaire Benbadis\u2009\u00bb. \u00c0 ce titre, la direction a \u00e9t\u00e9 d\u00e9l\u00e9gu\u00e9e par le minist\u00e8re de la Solidarit\u00e9 nationale, de la Famille et de la Condition de la Femme pour se constituer partie civile.<\/p>\n<p><strong>15 \u00e0 25 millions \u00a0de centimes pour une prise en charge<\/strong><\/p>\n<p>De son c\u00f4t\u00e9, le procureur de la r\u00e9publique pr\u00e8s le tribunal de Constantine, le magistrat Kadri Abdelfettah, a tenu, Dimanche \u00a0apr\u00e8s-midi, une conf\u00e9rence de presse au cours de laquelle il a annonc\u00e9 la mise en d\u00e9tention provisoire, dans le cadre de cette affaire qui d\u00e9fraye la chronique locale et nationale, de trois personnes, dont le pr\u00e9sident de l\u2019association et le g\u00e9rant, alors que les six \u00e9ducateurs qui s\u2019occupaient des enfants ont \u00e9t\u00e9 mis en libert\u00e9 . Il y a lieu d\u2019indiquer que les responsables du centre international du d\u00e9veloppement et d\u2019innovation (IIDI) et de la section \u00ab\u2009Nour\u2009\u00bb du l\u2019association des oul\u00e9mas musulmans alg\u00e9riens, propri\u00e9taires de la villa, ont tenu \u00e0 d\u00e9mentir les all\u00e9gations faisant \u00e9tat de leur implication dans cette affaire, arguant que le directeur du centre Arena leur avait lou\u00e9, au mois de novembre pass\u00e9 et pour la dur\u00e9e d\u2019une ann\u00e9e, deux niveaux de leur habitation, laquelle avait accueilli un temps l\u2019IIDI, et que la confusion \u00e9tait n\u00e9e du fait que l\u2019enseigne portant le nom du centre sp\u00e9cialis\u00e9 dans la formation aux m\u00e9tiers de presse et \u00e0 l\u2019audiovisuel, n\u2019avait pas \u00e9t\u00e9 enlev\u00e9e. Enfin, pour en revenir au directeur du centre, originaire de la wilaya de M\u00e9d\u00e9a et r\u00e9pondant aux initiales de M. B., celui-ci se pr\u00e9sente comme l\u2019auteur d\u2019une th\u00e9orie r\u00e9volutionnaire en psychologie et sciences de l\u2019\u00e9ducation, et avait d\u00e9j\u00e0, \u00e0 l\u2019occasion de passages t\u00e9l\u00e9vis\u00e9s, affirm\u00e9 qu\u2019il \u00e9tait parvenu \u00e0 mettre au point une m\u00e9thode permettant de traiter l\u2019autisme en l\u2019espace de quelques semaines, promesse saugrenue, mais malheureusement suffisante pour d\u00e9cider des parents en d\u00e9tresse \u00e0 payer une fortune (15 \u00e0 25 millions de centimes) pour une \u00ab\u2009prise en charge\u2009\u00bb dont ils \u00e9taient bien loin d\u2019imaginer la nature. Jusqu\u2019\u00e0 hier apr\u00e8s-midi, 29 sur les 31 pensionnaires du centre avaient \u00e9t\u00e9 r\u00e9cup\u00e9r\u00e9s par leurs parents.<\/p>\n<p><strong>Issam B.<\/strong><\/p>\n<p>Auteur: elmoudjahid<br \/>\n<a href=\"http:\/\/www.elmoudjahid.com\/fr\/actualites\/146156\">Cliquez ici pour lire l&rsquo;article depuis sa source.<\/a><\/p>\n","protected":false},"excerpt":{"rendered":"<p>L\u2019arrestation, dans la nuit du vendredi au samedi, de neuf membres d\u2019une association non agr\u00e9\u00e9e d\u00e9nomm\u00e9e l\u2019acad\u00e9mie arabe Arena, sp\u00e9cialis\u00e9e, selon sa page sur les r\u00e9seaux sociaux, dans la \u00ab\u2009recherche en psychologie et sociologie\u2009\u00bb, et ce apr\u00e8s que les gendarmes de Constantine aient d\u00e9couvert au niveau d\u2019une villa, situ\u00e9e dans la cit\u00e9 El Mouna (Benchicou),qui [&hellip;]<\/p>\n","protected":false},"author":1744,"featured_media":0,"comment_status":"closed","ping_status":"closed","sticky":false,"template":"","format":"standard","meta":{"fifu_image_url":"","fifu_image_alt":"","footnotes":""},"categories":[73,53],"tags":[],"class_list":["post-70958","post","type-post","status-publish","format-standard","hentry","category-actualite","category-algerie"],"_links":{"self":[{"href":"https:\/\/linitiative.ca\/International\/wp-json\/wp\/v2\/posts\/70958","targetHints":{"allow":["GET"]}}],"collection":[{"href":"https:\/\/linitiative.ca\/International\/wp-json\/wp\/v2\/posts"}],"about":[{"href":"https:\/\/linitiative.ca\/International\/wp-json\/wp\/v2\/types\/post"}],"author":[{"embeddable":true,"href":"https:\/\/linitiative.ca\/International\/wp-json\/wp\/v2\/users\/1744"}],"replies":[{"embeddable":true,"href":"https:\/\/linitiative.ca\/International\/wp-json\/wp\/v2\/comments?post=70958"}],"version-history":[{"count":0,"href":"https:\/\/linitiative.ca\/International\/wp-json\/wp\/v2\/posts\/70958\/revisions"}],"wp:attachment":[{"href":"https:\/\/linitiative.ca\/International\/wp-json\/wp\/v2\/media?parent=70958"}],"wp:term":[{"taxonomy":"category","embeddable":true,"href":"https:\/\/linitiative.ca\/International\/wp-json\/wp\/v2\/categories?post=70958"},{"taxonomy":"post_tag","embeddable":true,"href":"https:\/\/linitiative.ca\/International\/wp-json\/wp\/v2\/tags?post=70958"}],"curies":[{"name":"wp","href":"https:\/\/api.w.org\/{rel}","templated":true}]}}