{"id":70964,"date":"2019-12-22T10:18:00","date_gmt":"2019-12-22T15:18:00","guid":{"rendered":"https:\/\/linitiative.ca\/International\/pour-violences-corporelles-sur-30-enfants-autistes-arrestation-de-9-personnes-a-constantine\/"},"modified":"2019-12-22T10:18:00","modified_gmt":"2019-12-22T15:18:00","slug":"pour-violences-corporelles-sur-30-enfants-autistes-arrestation-de-9-personnes-a-constantine","status":"publish","type":"post","link":"https:\/\/linitiative.ca\/International\/pour-violences-corporelles-sur-30-enfants-autistes-arrestation-de-9-personnes-a-constantine\/","title":{"rendered":"POUR VIOLENCES CORPORELLES SUR 30 ENFANTS AUTISTES : Arrestation de 9 personnes  \u00e0 Constantine"},"content":{"rendered":"<p><br id=\"sep_para_1\" class=\"sep_para access\"\/><\/p>\n<div id=\"para_1\" class=\"para_34586470 resize\">\n<div class=\"texte access firstletter\">Les services de s\u00e9curit\u00e9 de la wilaya de Constantine ont arr\u00eat\u00e9 samedi, 21 d\u00e9cembre 9 (neuf) personnes qui s\u00e9questraient 30 enfants dans une cr\u00e8che. Ce fait a boulevers\u00e9 la tranquillit\u00e9 et la s\u00e9r\u00e9nit\u00e9 des habitants de la wilaya de Constantine. En effet,\u00a0 30 enfants ont \u00e9t\u00e9 s\u00e9questr\u00e9s et subis des violences corporelles, ils ont \u00e9t\u00e9 retrouv\u00e9s dans un \u00e9tat de sant\u00e9 catastrophique, il y a m\u00eame des signes de torture apparents qui ont \u00e9t\u00e9 retrouv\u00e9s sur leurs corps. L\u2019arrestation est intervenue apr\u00e8s une descente nocturne des \u00e9l\u00e9ments de gendarmerie nationale dans une maison du quartier de \u00ab Mouna \u00bb \u00e0 Constantine.\u00a0 Les personnes impliqu\u00e9es avaient cr\u00e9\u00e9 une association de mani\u00e8re ill\u00e9gale qui s\u2019occupe des enfants atteints d\u2019autisme et de rhumatismes. Cette derni\u00e8re torturait les enfants en leur infligeant des br\u00fblures et leur prescrivait des drogues qui affectaient leur sant\u00e9.<\/div>\n<\/div>\n<p>Auteur: Ismain<br \/>\n<a href=\"https:\/\/www.reflexiondz.net\/POUR-VIOLENCES-CORPORELLES-SUR-30-ENFANTS-AUTISTES-Arrestation-de-9-personnes-a-Constantine_a59558.html\">Cliquez ici pour lire l&rsquo;article depuis sa source.<\/a><\/p>\n","protected":false},"excerpt":{"rendered":"<p>Les services de s\u00e9curit\u00e9 de la wilaya de Constantine ont arr\u00eat\u00e9 samedi, 21 d\u00e9cembre 9 (neuf) personnes qui s\u00e9questraient 30 enfants dans une cr\u00e8che. Ce fait a boulevers\u00e9 la tranquillit\u00e9 et la s\u00e9r\u00e9nit\u00e9 des habitants de la wilaya de Constantine. En effet,\u00a0 30 enfants ont \u00e9t\u00e9 s\u00e9questr\u00e9s et subis des violences corporelles, ils ont \u00e9t\u00e9 [&hellip;]<\/p>\n","protected":false},"author":1740,"featured_media":0,"comment_status":"closed","ping_status":"closed","sticky":false,"template":"","format":"standard","meta":{"fifu_image_url":"","fifu_image_alt":"","footnotes":""},"categories":[53,76],"tags":[],"class_list":["post-70964","post","type-post","status-publish","format-standard","hentry","category-algerie","category-regions"],"_links":{"self":[{"href":"https:\/\/linitiative.ca\/International\/wp-json\/wp\/v2\/posts\/70964","targetHints":{"allow":["GET"]}}],"collection":[{"href":"https:\/\/linitiative.ca\/International\/wp-json\/wp\/v2\/posts"}],"about":[{"href":"https:\/\/linitiative.ca\/International\/wp-json\/wp\/v2\/types\/post"}],"author":[{"embeddable":true,"href":"https:\/\/linitiative.ca\/International\/wp-json\/wp\/v2\/users\/1740"}],"replies":[{"embeddable":true,"href":"https:\/\/linitiative.ca\/International\/wp-json\/wp\/v2\/comments?post=70964"}],"version-history":[{"count":0,"href":"https:\/\/linitiative.ca\/International\/wp-json\/wp\/v2\/posts\/70964\/revisions"}],"wp:attachment":[{"href":"https:\/\/linitiative.ca\/International\/wp-json\/wp\/v2\/media?parent=70964"}],"wp:term":[{"taxonomy":"category","embeddable":true,"href":"https:\/\/linitiative.ca\/International\/wp-json\/wp\/v2\/categories?post=70964"},{"taxonomy":"post_tag","embeddable":true,"href":"https:\/\/linitiative.ca\/International\/wp-json\/wp\/v2\/tags?post=70964"}],"curies":[{"name":"wp","href":"https:\/\/api.w.org\/{rel}","templated":true}]}}