{"id":70965,"date":"2019-12-22T11:50:00","date_gmt":"2019-12-22T16:50:00","guid":{"rendered":"https:\/\/linitiative.ca\/International\/cnas-mostaganem-journees-dinformation-en-direction-des-stagiaires\/"},"modified":"2019-12-22T11:50:00","modified_gmt":"2019-12-22T16:50:00","slug":"cnas-mostaganem-journees-dinformation-en-direction-des-stagiaires","status":"publish","type":"post","link":"https:\/\/linitiative.ca\/International\/cnas-mostaganem-journees-dinformation-en-direction-des-stagiaires\/","title":{"rendered":"CNAS MOSTAGANEM : Journ\u00e9es d\u2019information en direction des stagiaires"},"content":{"rendered":"<p><br id=\"sep_para_1\" class=\"sep_para access\"\/><\/p>\n<div id=\"para_1\" class=\"para_34587069 resize\">\n<div class=\"texte access firstletter\">Dans le cadre des derni\u00e8res directives adopt\u00e9es par la tutelle de la CNAS visant l&rsquo;am\u00e9lioration des services offerts aux assur\u00e9s sociaux \u00e0 travers l&rsquo;all\u00e8gement des proc\u00e9dures administratives et \u00e9galement \u00e0 travers diff\u00e9rentes actions de proximit\u00e9, des nouvelles mesures ont \u00e9t\u00e9 adopt\u00e9es pour fournir des prestations de qualit\u00e9 aux assur\u00e9s sociaux avec l&rsquo;utilisation de l&rsquo;espace \u00abEl Hanna\u00bb. En effet,\u00a0 la Caisse nationale des assurances sociales des travailleurs salari\u00e9s (CNAS) de Mostaganem organise\u00a0 depuis cette semaine des journ\u00e9es d&rsquo;information et de sensibilisation au profit des assur\u00e9s sociaux et des stagiaires des centres de formation professionnelle percevant une r\u00e9mun\u00e9ration inf\u00e9rieure au salaire national minimum garanti. Il est \u00e0 noter, qu\u2019en sus des actions de proximit\u00e9 men\u00e9es \u00e0 longueur de l\u2019ann\u00e9e par les agents de la cellule de pr\u00e9vention des accidents de travail et des maladies professionnelles, aupr\u00e8s des centres de la formation professionnelle. L\u2019Agence de Mostaganem\u00a0 mobilisera son personnel pour se d\u00e9placer au niveau des CFPA de la wilaya, pour\u00a0 informer les stagiaires sur leurs droits et sur leurs devoirs en mati\u00e8re de la s\u00e9curit\u00e9 sociale. A rappeler, que la loi 83\/13 du 02 juillet 1983 relative aux accidents de travail et aux maladies professionnelles, a octroy\u00e9 des droits en AT\/MP aux \u00e9l\u00e8ves des \u00e9tablissements de formation professionnelle et aux apprentis percevant une r\u00e9mun\u00e9ration inf\u00e9rieure au salaire national minimum garanti . Et \u00e0 l\u2019occasion, l\u2019Agence invite les assur\u00e9s sociaux \u00e0 s\u2019inscrire \u00e0 l\u2019espace EL HANNA via le portail \u00e9lectronique www.cnas.dz pour acc\u00e9der aux informations leur permettant, de consulter les donn\u00e9es personnelles, telles que : la consommation de m\u00e9dicament, les tarifs, le d\u00e9tail de remboursement, la liste des m\u00e9decins et les pharmaciens, la demande de la carte de \u2018\u2019Chifa\u2019\u2019 \u00e0 distance, ainsi que le t\u00e9l\u00e9chargement de l\u2019attestation d\u2019affiliation.\u00a0\u00a0\u00a0\u00a0<\/div>\n<\/div>\n<p>Auteur: G.Yacine<br \/>\n<a href=\"https:\/\/www.reflexiondz.net\/CNAS-MOSTAGANEM-Journees-d-information-en-direction-des-stagiaires_a59564.html\">Cliquez ici pour lire l&rsquo;article depuis sa source.<\/a><\/p>\n","protected":false},"excerpt":{"rendered":"<p>Dans le cadre des derni\u00e8res directives adopt\u00e9es par la tutelle de la CNAS visant l&rsquo;am\u00e9lioration des services offerts aux assur\u00e9s sociaux \u00e0 travers l&rsquo;all\u00e8gement des proc\u00e9dures administratives et \u00e9galement \u00e0 travers diff\u00e9rentes actions de proximit\u00e9, des nouvelles mesures ont \u00e9t\u00e9 adopt\u00e9es pour fournir des prestations de qualit\u00e9 aux assur\u00e9s sociaux avec l&rsquo;utilisation de l&rsquo;espace \u00abEl [&hellip;]<\/p>\n","protected":false},"author":1740,"featured_media":0,"comment_status":"closed","ping_status":"closed","sticky":false,"template":"","format":"standard","meta":{"fifu_image_url":"","fifu_image_alt":"","footnotes":""},"categories":[53,76],"tags":[],"class_list":["post-70965","post","type-post","status-publish","format-standard","hentry","category-algerie","category-regions"],"_links":{"self":[{"href":"https:\/\/linitiative.ca\/International\/wp-json\/wp\/v2\/posts\/70965","targetHints":{"allow":["GET"]}}],"collection":[{"href":"https:\/\/linitiative.ca\/International\/wp-json\/wp\/v2\/posts"}],"about":[{"href":"https:\/\/linitiative.ca\/International\/wp-json\/wp\/v2\/types\/post"}],"author":[{"embeddable":true,"href":"https:\/\/linitiative.ca\/International\/wp-json\/wp\/v2\/users\/1740"}],"replies":[{"embeddable":true,"href":"https:\/\/linitiative.ca\/International\/wp-json\/wp\/v2\/comments?post=70965"}],"version-history":[{"count":0,"href":"https:\/\/linitiative.ca\/International\/wp-json\/wp\/v2\/posts\/70965\/revisions"}],"wp:attachment":[{"href":"https:\/\/linitiative.ca\/International\/wp-json\/wp\/v2\/media?parent=70965"}],"wp:term":[{"taxonomy":"category","embeddable":true,"href":"https:\/\/linitiative.ca\/International\/wp-json\/wp\/v2\/categories?post=70965"},{"taxonomy":"post_tag","embeddable":true,"href":"https:\/\/linitiative.ca\/International\/wp-json\/wp\/v2\/tags?post=70965"}],"curies":[{"name":"wp","href":"https:\/\/api.w.org\/{rel}","templated":true}]}}