{"id":70966,"date":"2019-12-22T11:50:00","date_gmt":"2019-12-22T16:50:00","guid":{"rendered":"https:\/\/linitiative.ca\/International\/lade-vend-du-vent-aux-citoyens-mostaganem-a-soif\/"},"modified":"2019-12-22T11:50:00","modified_gmt":"2019-12-22T16:50:00","slug":"lade-vend-du-vent-aux-citoyens-mostaganem-a-soif","status":"publish","type":"post","link":"https:\/\/linitiative.ca\/International\/lade-vend-du-vent-aux-citoyens-mostaganem-a-soif\/","title":{"rendered":"L\u2019ADE VEND DU VENT AUX CITOYENS : Mostaganem a Soif !"},"content":{"rendered":"<p><br id=\"sep_para_1\" class=\"sep_para access\"\/><\/p>\n<div id=\"para_1\" class=\"para_34587063 resize\">\n<div class=\"photo shadow left\"><a href=\"javascript:void(0)\" rel=\"https:\/\/www.reflexiondz.net\/photo\/art\/grande\/41004357-34587063.jpg?v=1577041774&#038;ibox\" title=\"L\u2019ADE VEND DU VENT AUX CITOYENS : Mostaganem a Soif !\"><img decoding=\"async\" class=\"responsive c9\" src=\"https:\/\/www.reflexiondz.net\/photo\/art\/grande\/41004357-34587063.jpg?v=1577041774\" alt=\"L\u2019ADE VEND DU VENT AUX CITOYENS : Mostaganem a Soif !\" title=\"L\u2019ADE VEND DU VENT AUX CITOYENS : Mostaganem a Soif !\"\/><img decoding=\"async\" class=\"not-responsive\" src=\"https:\/\/www.reflexiondz.net\/photo\/art\/default\/41004357-34587063.jpg?v=1577041775\" alt=\"L\u2019ADE VEND DU VENT AUX CITOYENS : Mostaganem a Soif !\" title=\"L\u2019ADE VEND DU VENT AUX CITOYENS : Mostaganem a Soif !\"\/><\/a><\/div>\n<div class=\"texte access firstletter\">Le pr\u00e9cieux liquide a de nouveau coul\u00e9 dans les robinets tr\u00e8s t\u00f4t dans la matin\u00e9e, avec des d\u00e9bits variables selon la d\u00e9claration de quelques citoyens qui nous ont inform\u00e9s que l&rsquo;eau a coul\u00e9 quelques heures seulement sans qu\u2019ils puissent remplir leurs r\u00e9cipients de secours, puis l\u2019eau a \u00e9t\u00e9 coup\u00e9e brutalement. De leur c\u00f4t\u00e9, les services de l\u2019ADE et de la Direction des ressources en eau ont rassur\u00e9 les consommateurs abonn\u00e9s que l\u2019alimentation en eau potable verra une am\u00e9lioration progressive, en pr\u00e9cisant que la situation sera r\u00e9tablie de mani\u00e8re graduelle pour retrouver le niveau de production habituelle avec un volume plus important encore. Il a aussi \u00e9t\u00e9 pr\u00e9cis\u00e9 que l\u2019eau serait de meilleure qualit\u00e9 en consid\u00e9ration du fait qu\u2019elle est issue de la station de dessalement et non plus du barrage d\u2019Oued Kramis ainsi que du syst\u00e8me MAO. Pour le citoyen lambda, les justifications \u00e0 caract\u00e8re technique importent peu, il ne s\u2019en tient qu\u2019aux d\u00e9clarations qu\u2019il a pu entendre sur les ondes ou les informations lues sur la presse. Pour le moment et depuis pr\u00e8s d\u2019un mois, Mostaganem crie sa soif et ne croit qu\u2019\u00e0 ce qui sort du robinet et de lui seul : soit de l\u2019eau, soit du \u00ab vent \u00bb !&#8230; Tous les citoyens savent qu\u2019il y a des travaux de maintenance et d&rsquo;agrandissement afin de porter le taux de pompage de l&rsquo;eau de 180 000 m3 \u00e0 200 000 m 3\/ jour et que dans les op\u00e9rations de distribution,\u00a0 ladite\u00a0 station alimente en eau ,environ 80% de la population de la wilaya. En d\u00e9pit, des instructions de M. le Wali lors de sa visite d\u2019inspection et de travail en date du 13 D\u00e9cembre 2019 et notamment le d\u00e9lai accord\u00e9 aux responsables intervenants dans la gestion des travaux, pour la normalisation du d\u00e9bit de distribution de l\u2019eau potable quitte \u00e0 mettre deux \u00e9quipes de travail au lieu d\u2019une seule. A ce jour, la population est compl\u00e8tement stress\u00e9e de ne pas savoir quoi faire en constatant \u00e0 son grand dam que les choses ne semblent pas avoir \u00e9volu\u00e9 d\u2019un iota. Il semblerait qu\u2019il y ait un probl\u00e8me d\u2019hommes quelques parts car tous les moyens existent en suffisance. Les citoyens que nous avons crois\u00e9 se plaignent et laissent planer beaucoup de questionnements\u00a0 qui taraudent leurs esprits notamment, celles de la comp\u00e9tence. Le citoyen traverse une p\u00e9riode sensible qui se passerait bien du bricolage\u00a0 de certains apprentis sorciers.<\/div>\n<\/div>\n<p>Auteur: Riad<br \/>\n<a href=\"https:\/\/www.reflexiondz.net\/L-ADE-VEND-DU-VENT-AUX-CITOYENS-Mostaganem-a-Soif-_a59562.html\">Cliquez ici pour lire l&rsquo;article depuis sa source.<\/a><\/p>\n","protected":false},"excerpt":{"rendered":"<p>Le pr\u00e9cieux liquide a de nouveau coul\u00e9 dans les robinets tr\u00e8s t\u00f4t dans la matin\u00e9e, avec des d\u00e9bits variables selon la d\u00e9claration de quelques citoyens qui nous ont inform\u00e9s que l&rsquo;eau a coul\u00e9 quelques heures seulement sans qu\u2019ils puissent remplir leurs r\u00e9cipients de secours, puis l\u2019eau a \u00e9t\u00e9 coup\u00e9e brutalement. De leur c\u00f4t\u00e9, les services [&hellip;]<\/p>\n","protected":false},"author":1740,"featured_media":0,"comment_status":"closed","ping_status":"closed","sticky":false,"template":"","format":"standard","meta":{"fifu_image_url":"","fifu_image_alt":"","footnotes":""},"categories":[53,76],"tags":[],"class_list":["post-70966","post","type-post","status-publish","format-standard","hentry","category-algerie","category-regions"],"_links":{"self":[{"href":"https:\/\/linitiative.ca\/International\/wp-json\/wp\/v2\/posts\/70966","targetHints":{"allow":["GET"]}}],"collection":[{"href":"https:\/\/linitiative.ca\/International\/wp-json\/wp\/v2\/posts"}],"about":[{"href":"https:\/\/linitiative.ca\/International\/wp-json\/wp\/v2\/types\/post"}],"author":[{"embeddable":true,"href":"https:\/\/linitiative.ca\/International\/wp-json\/wp\/v2\/users\/1740"}],"replies":[{"embeddable":true,"href":"https:\/\/linitiative.ca\/International\/wp-json\/wp\/v2\/comments?post=70966"}],"version-history":[{"count":0,"href":"https:\/\/linitiative.ca\/International\/wp-json\/wp\/v2\/posts\/70966\/revisions"}],"wp:attachment":[{"href":"https:\/\/linitiative.ca\/International\/wp-json\/wp\/v2\/media?parent=70966"}],"wp:term":[{"taxonomy":"category","embeddable":true,"href":"https:\/\/linitiative.ca\/International\/wp-json\/wp\/v2\/categories?post=70966"},{"taxonomy":"post_tag","embeddable":true,"href":"https:\/\/linitiative.ca\/International\/wp-json\/wp\/v2\/tags?post=70966"}],"curies":[{"name":"wp","href":"https:\/\/api.w.org\/{rel}","templated":true}]}}