{"id":70967,"date":"2019-12-22T11:50:00","date_gmt":"2019-12-22T16:50:00","guid":{"rendered":"https:\/\/linitiative.ca\/International\/bouguirat-une-large-campagne-dentretien-et-de-reboisement\/"},"modified":"2019-12-22T11:50:00","modified_gmt":"2019-12-22T16:50:00","slug":"bouguirat-une-large-campagne-dentretien-et-de-reboisement","status":"publish","type":"post","link":"https:\/\/linitiative.ca\/International\/bouguirat-une-large-campagne-dentretien-et-de-reboisement\/","title":{"rendered":"BOUGUIRAT : Une large campagne d\u2019entretien et de reboisement"},"content":{"rendered":"<p><br id=\"sep_para_1\" class=\"sep_para access\"\/><\/p>\n<div id=\"para_1\" class=\"para_34587071 resize\">\n<div class=\"texte access firstletter\">Une\u00a0 large campagne\u00a0 de reboisement et d\u2019entretien\u00a0 a \u00e9t\u00e9 organis\u00e9e durant la journ\u00e9e d\u2019avant-hier, au niveau de la for\u00eat \u00ab\u00a0El Mahraka\u00a0\u00bb,\u00a0 commune de Bouguirat. En effet,\u00a0 cette initiative organis\u00e9e sous le slogan \u00ab\u00a0Un arbre pour chaque citoyen\u00a0\u00bb a connu la participation des\u00a0 autorit\u00e9s locales, \u00e0 leur t\u00e8te le chef de da\u00efra,\u00a0 des \u00e9l\u00e9ments de la police, de la Conservation de for\u00eats, les scouts musulmans,\u00a0 ainsi que les \u00e9l\u00e9ments de la protection civile. En plus, ont particip\u00e9 \u00e0 cette campagne de reboisement, des citoyens volontaires et adh\u00e9rents\u00a0 de cette agglom\u00e9ration, en nombre important. Cette campagne\u00a0 a \u00e9t\u00e9 caract\u00e9ris\u00e9e par la pr\u00e9sence des membres de\u00a0 la soci\u00e9t\u00e9 civile,\u00a0 ce qui a permis de donner une dynamique \u00e0 cette op\u00e9ration, o\u00f9 plusieurs plants d\u2019arbustes dont des esp\u00e8ces de pin d\u2019Alep et autres vari\u00e9t\u00e9s\u00a0 ont \u00e9t\u00e9 plant\u00e9s.\u00a0\u00a0\u00a0\u00a0\u00a0\u00a0\u00a0\u00a0\u00a0\u00a0\u00a0\u00a0<\/div>\n<\/div>\n<p>Auteur: G.Yacine<br \/>\n<a href=\"https:\/\/www.reflexiondz.net\/BOUGUIRAT-Une-large-campagne-d-entretien-et-de-reboisement_a59565.html\">Cliquez ici pour lire l&rsquo;article depuis sa source.<\/a><\/p>\n","protected":false},"excerpt":{"rendered":"<p>Une\u00a0 large campagne\u00a0 de reboisement et d\u2019entretien\u00a0 a \u00e9t\u00e9 organis\u00e9e durant la journ\u00e9e d\u2019avant-hier, au niveau de la for\u00eat \u00ab\u00a0El Mahraka\u00a0\u00bb,\u00a0 commune de Bouguirat. En effet,\u00a0 cette initiative organis\u00e9e sous le slogan \u00ab\u00a0Un arbre pour chaque citoyen\u00a0\u00bb a connu la participation des\u00a0 autorit\u00e9s locales, \u00e0 leur t\u00e8te le chef de da\u00efra,\u00a0 des \u00e9l\u00e9ments de la [&hellip;]<\/p>\n","protected":false},"author":1740,"featured_media":0,"comment_status":"closed","ping_status":"closed","sticky":false,"template":"","format":"standard","meta":{"fifu_image_url":"","fifu_image_alt":"","footnotes":""},"categories":[53,76],"tags":[],"class_list":["post-70967","post","type-post","status-publish","format-standard","hentry","category-algerie","category-regions"],"_links":{"self":[{"href":"https:\/\/linitiative.ca\/International\/wp-json\/wp\/v2\/posts\/70967","targetHints":{"allow":["GET"]}}],"collection":[{"href":"https:\/\/linitiative.ca\/International\/wp-json\/wp\/v2\/posts"}],"about":[{"href":"https:\/\/linitiative.ca\/International\/wp-json\/wp\/v2\/types\/post"}],"author":[{"embeddable":true,"href":"https:\/\/linitiative.ca\/International\/wp-json\/wp\/v2\/users\/1740"}],"replies":[{"embeddable":true,"href":"https:\/\/linitiative.ca\/International\/wp-json\/wp\/v2\/comments?post=70967"}],"version-history":[{"count":0,"href":"https:\/\/linitiative.ca\/International\/wp-json\/wp\/v2\/posts\/70967\/revisions"}],"wp:attachment":[{"href":"https:\/\/linitiative.ca\/International\/wp-json\/wp\/v2\/media?parent=70967"}],"wp:term":[{"taxonomy":"category","embeddable":true,"href":"https:\/\/linitiative.ca\/International\/wp-json\/wp\/v2\/categories?post=70967"},{"taxonomy":"post_tag","embeddable":true,"href":"https:\/\/linitiative.ca\/International\/wp-json\/wp\/v2\/tags?post=70967"}],"curies":[{"name":"wp","href":"https:\/\/api.w.org\/{rel}","templated":true}]}}