{"id":70968,"date":"2019-12-22T11:50:00","date_gmt":"2019-12-22T16:50:00","guid":{"rendered":"https:\/\/linitiative.ca\/International\/benabdelmalek-ramdane-commemoration-de-la-mort-du-chahid-bordji-amar\/"},"modified":"2019-12-22T11:50:00","modified_gmt":"2019-12-22T16:50:00","slug":"benabdelmalek-ramdane-commemoration-de-la-mort-du-chahid-bordji-amar","status":"publish","type":"post","link":"https:\/\/linitiative.ca\/International\/benabdelmalek-ramdane-commemoration-de-la-mort-du-chahid-bordji-amar\/","title":{"rendered":"BENABDELMALEK RAMDANE : Comm\u00e9moration de la mort du Chahid Bordji Amar"},"content":{"rendered":"<p><br id=\"sep_para_1\" class=\"sep_para access\"\/><\/p>\n<div id=\"para_1\" class=\"para_34587066 resize\">\n<div class=\"photo shadow left\"><a href=\"javascript:void(0)\" rel=\"https:\/\/www.reflexiondz.net\/photo\/art\/grande\/41004370-34587066.jpg?v=1577041789&#038;ibox\" title=\"BENABDELMALEK RAMDANE : Comm\u00e9moration de la mort du Chahid Bordji Amar\"><img decoding=\"async\" class=\"responsive c9\" src=\"https:\/\/www.reflexiondz.net\/photo\/art\/grande\/41004370-34587066.jpg?v=1577041789\" alt=\"BENABDELMALEK RAMDANE : Comm\u00e9moration de la mort du Chahid Bordji Amar\" title=\"BENABDELMALEK RAMDANE : Comm\u00e9moration de la mort du Chahid Bordji Amar\"\/><img decoding=\"async\" class=\"not-responsive\" src=\"https:\/\/www.reflexiondz.net\/photo\/art\/default\/41004370-34587066.jpg?v=1577041791\" alt=\"BENABDELMALEK RAMDANE : Comm\u00e9moration de la mort du Chahid Bordji Amar\" title=\"BENABDELMALEK RAMDANE : Comm\u00e9moration de la mort du Chahid Bordji Amar\"\/><\/a><\/div>\n<div class=\"texte access firstletter\">Ce dimanche, 22 D\u00e9cembre 2019 n\u2019est pas un jour comme les autres, c\u2019est celui d\u2019un devoir de m\u00e9moire envers un de nos Chouhadas. En effet, le carr\u00e9 des martyrs du douar \u00ab Ouled El Hadj \u00bb, relevant\u00a0 de la commune de Benabdelmalek Ramdane vient d\u2019abriter une c\u00e9r\u00e9monie de\u00a0 la comm\u00e9moration du 65\u00e8me anniversaire de la mort du \u00ab Chahid Bordji Amar \u00bb et ce, sous la houlette de M.Rebhi Abdennour, Wali de Mostaganem. Pour m\u00e9moire, rappelons bri\u00e8vement que ce martyr est tomb\u00e9 au champ d\u2019honneur, les armes \u00e0 la main, \u00e0 l\u2019\u00e2ge de 31 ans, avec\u00a0 l\u2019un de ses fr\u00e8res, le Chahid Bordji Kaddour : c\u2019est l\u2019un des premiers h\u00e9ros de la glorieuse r\u00e9volution arm\u00e9e. A l\u2019occasion de cet \u00e9v\u00e9nement historique, une d\u00e9l\u00e9gation officielle, dirig\u00e9e par le\u00a0 wali, M. Mohamed-Abdennour Rebhi, accompagn\u00e9 des membres de son ex\u00e9cutif, dont la directrice des moudjahidines, du pr\u00e9sident de l\u2019assembl\u00e9e populaire de la wilaya, du secr\u00e9taire de wilaya des moudjahidines, de quelques \u00e9lus de la wilaya, ainsi que les repr\u00e9sentants locaux des autorit\u00e9s s\u00e9curitaires, officiers (ANP, gendarmerie et police), s\u2019est rendue sur les lieux pour\u00a0 partager\u00a0 avec les citoyens du douar \u00ab Ouled El Hadj \u00bb\u00a0 cette comm\u00e9moration du 65\u00e8me anniversaire de la mort du Chahid Bordji Amar. La d\u00e9l\u00e9gation a assist\u00e9 \u00e0 la lev\u00e9e des couleurs sous l\u2019hymne national\u00a0 interpr\u00e9t\u00e9 par la Fanfare .Puis, ce fut le tour de l\u2019Imam qui a pris la parole pour glorifier les chouhadas et rappeler leur\u00a0 sacrifice\u00a0 testamentaire, pour la patrie en terminant par la sourate, \u00ab El Fatiha \u00bb, \u00e0 leur\u00a0 m\u00e9moire. Le wali et sa d\u00e9l\u00e9gation ont \u00e9galement effectu\u00e9 une visite au niveau du mus\u00e9e, o\u00f9\u00a0 \u00e9taient expos\u00e9s des documents biographiques relatant, le parcours du\u00a0 chahid et de ses fr\u00e8res d\u2019armes, ainsi que des images d\u2019archives et coupures d\u2019articles du martyr\u00a0 et notamment, celles d\u2019autres h\u00e9ros de la r\u00e9volution. Rappelons que le mus\u00e9e a \u00e9t\u00e9 un \u00ab centre de ralliement et de coordination \u00bb o\u00f9 se r\u00e9unissaient des chefs r\u00e9volutionnaires \u00bb, maquill\u00e9 par une activit\u00e9\u00a0 commerciale d\u2019\u00e9picerie, selon les t\u00e9moignages des habitants de la r\u00e9gion .Pour clore cette \u00e9mouvante\u00a0 c\u00e9r\u00e9monie de comm\u00e9moration, le wali Abdennour Rebhi a rencontr\u00e9\u00a0 chaleureusement la s\u0153ur du \u00ab Chahid Bordji Amar \u00bb pr\u00e9sente \u00e0 l\u2019\u00e9v\u00e8nement en compagnie de sa famille. Le chef de l\u2019Ex\u00e9cutif a \u00e9chang\u00e9\u00a0 avec elle des propos, l\u2019assurant de sa bienveillance\u00a0 qui a \u00e9t\u00e9 distingu\u00e9e par\u00a0 la remise d\u2019un dipl\u00f4me de reconnaissance et de cadeaux symboliques.<\/div>\n<\/div>\n<p>Auteur: Younes Zahachi<br \/>\n<a href=\"https:\/\/www.reflexiondz.net\/BENABDELMALEK-RAMDANE-Commemoration-de-la-mort-du-Chahid-Bordji-Amar_a59563.html\">Cliquez ici pour lire l&rsquo;article depuis sa source.<\/a><\/p>\n","protected":false},"excerpt":{"rendered":"<p>Ce dimanche, 22 D\u00e9cembre 2019 n\u2019est pas un jour comme les autres, c\u2019est celui d\u2019un devoir de m\u00e9moire envers un de nos Chouhadas. En effet, le carr\u00e9 des martyrs du douar \u00ab Ouled El Hadj \u00bb, relevant\u00a0 de la commune de Benabdelmalek Ramdane vient d\u2019abriter une c\u00e9r\u00e9monie de\u00a0 la comm\u00e9moration du 65\u00e8me anniversaire de la [&hellip;]<\/p>\n","protected":false},"author":1740,"featured_media":0,"comment_status":"closed","ping_status":"closed","sticky":false,"template":"","format":"standard","meta":{"fifu_image_url":"","fifu_image_alt":"","footnotes":""},"categories":[53,76],"tags":[],"class_list":["post-70968","post","type-post","status-publish","format-standard","hentry","category-algerie","category-regions"],"_links":{"self":[{"href":"https:\/\/linitiative.ca\/International\/wp-json\/wp\/v2\/posts\/70968","targetHints":{"allow":["GET"]}}],"collection":[{"href":"https:\/\/linitiative.ca\/International\/wp-json\/wp\/v2\/posts"}],"about":[{"href":"https:\/\/linitiative.ca\/International\/wp-json\/wp\/v2\/types\/post"}],"author":[{"embeddable":true,"href":"https:\/\/linitiative.ca\/International\/wp-json\/wp\/v2\/users\/1740"}],"replies":[{"embeddable":true,"href":"https:\/\/linitiative.ca\/International\/wp-json\/wp\/v2\/comments?post=70968"}],"version-history":[{"count":0,"href":"https:\/\/linitiative.ca\/International\/wp-json\/wp\/v2\/posts\/70968\/revisions"}],"wp:attachment":[{"href":"https:\/\/linitiative.ca\/International\/wp-json\/wp\/v2\/media?parent=70968"}],"wp:term":[{"taxonomy":"category","embeddable":true,"href":"https:\/\/linitiative.ca\/International\/wp-json\/wp\/v2\/categories?post=70968"},{"taxonomy":"post_tag","embeddable":true,"href":"https:\/\/linitiative.ca\/International\/wp-json\/wp\/v2\/tags?post=70968"}],"curies":[{"name":"wp","href":"https:\/\/api.w.org\/{rel}","templated":true}]}}