{"id":70976,"date":"2019-12-22T10:48:00","date_gmt":"2019-12-22T15:48:00","guid":{"rendered":"https:\/\/linitiative.ca\/International\/lamiss-kerkeni-entre-exces-et-culpabilite-3-astuces-pour-passer-les-fetes-en-toute-serenite\/"},"modified":"2019-12-22T10:48:00","modified_gmt":"2019-12-22T15:48:00","slug":"lamiss-kerkeni-entre-exces-et-culpabilite-3-astuces-pour-passer-les-fetes-en-toute-serenite","status":"publish","type":"post","link":"https:\/\/linitiative.ca\/International\/lamiss-kerkeni-entre-exces-et-culpabilite-3-astuces-pour-passer-les-fetes-en-toute-serenite\/","title":{"rendered":"Lamiss Kerkeni &#8211; Entre exc\u00e8s et culpabilit\u00e9: 3 astuces pour passer les f\u00eates en toute s\u00e9r\u00e9nit\u00e9"},"content":{"rendered":"<p>Votre crainte de voir tous les efforts fournis durant les derniers mois s\u2019envoler en cette p\u00e9riode de festivit\u00e9s, vous emp\u00eache-t-elle quasiment de profiter de ces pr\u00e9cieux moments ?<\/p>\n<p>Avec les repas, les sorties et les invitations qui s\u2019enchainent, la peur de perdre le contr\u00f4le peut effectivement devenir une source de stress et d\u2019anxi\u00e9t\u00e9. Car pour beaucoup de monde, les f\u00eates riment avec exc\u00e8s et culpabilit\u00e9. Alors comment est-il possible de l\u00e2cher prise et de se reconnecter avec la joie du moment ? Voici 3 astuces pour vous aider \u00e0 y parvenir :<\/p>\n<h2>Mangez en pleine conscience<\/h2>\n<p>Durant cette p\u00e9riode, dites-vous qu\u2019il n\u2019est pas question de vivre dans la frustration mais plut\u00f4t d\u2019\u00eatre davantage \u00e0 l\u2019\u00e9coute de vos besoins.<\/p>\n<p><span class=\"c2\">\u2022<\/span> Soyez \u00e0 l\u2019\u00e9coute des signaux internes que votre corps vous envoie et de ses besoins. Mangez quand vous avez faim et cessez lorsque vous \u00eates rassasi\u00e9.<\/p>\n<p><span class=\"c2\">\u2022<\/span> Nourrissez votre corps et votre esprit avec tous ses sens : explorez, savourez, go\u00fbtez ! Comment ? Soyez dans l\u2019instant pr\u00e9sent, sachez appr\u00e9cier le craquement d\u2019une chips sous la dent, la texture agr\u00e9able du chocolat fondant dans la bouche et les jolis assortiments de couleurs dans votre assiette. T\u00e2chez de privil\u00e9gier la qualit\u00e9 sur la quantit\u00e9 et prenez le temps de savourer.<\/p>\n<p><span class=\"c2\">\u2022<\/span> \u00c9vitez la pens\u00e9e du \u00ab tout ou rien \u00bb. Ce n\u2019est pas parce que vous avez mang\u00e9 un fondant au chocolat que votre journ\u00e9e et votre semaine sont g\u00e2ch\u00e9es !<\/p>\n<h2>Maintenez votre routine<\/h2>\n<p>Si vous croyez que ne pas d\u00e9jeuner car vous \u00eates invit\u00e9 \u00e0 diner est une strat\u00e9gie efficace, d\u00e9trompez-vous ! En arrivant, au diner l\u2019estomac vide, vous avez nettement plus de chance de succomber \u00e0 toutes les tentations.\u00a0 Mieux vaut prendre vos repas habituels et travailler \u00e0 manger \u00ab en pleine conscience \u00bb. Il est beaucoup plus ais\u00e9 d\u2019\u00eatre \u00e0 l\u2019\u00e9coute de nos signaux internes lorsque notre faim est mod\u00e9r\u00e9e.<\/p>\n<h2>Bougez<\/h2>\n<p>La p\u00e9riode des f\u00eates rime pour beaucoup avec vacances, alors profitez-en vous avez plus de temps ! Enfilez vos basquets et hop ! Faites au moins une marche de 30 minutes quotidiennement.<\/p>\n<p>Pour finir, m\u00eame si vous avez fait un peu d\u2019exc\u00e8s pendant les F\u00eates, rappelez-vous qu\u2019en d\u00e9finitive ce qui compte ce n\u2019est pas ce que vous faites durant cette petite quinzaine de jours mais bien tout le reste de l\u2019ann\u00e9e.<\/p>\n<p>Voil\u00e0 tout pour aujourd\u2019hui, je vous sugg\u00e8re \u00e9galement la lecture de <a href=\"https:\/\/lamissfitness.com\/blog\/comment-perdre-du-poids\/\" target=\"_blank\" rel=\"noopener noreferrer\">cet article<\/a> o\u00f9 je vous offre d\u2019autres pr\u00e9cieux conseils pour la perte de poids.<\/p>\n<p>Si vous avez des questions, n\u2019h\u00e9sitez pas \u00e0 m\u2019\u00e9crire <a href=\"https:\/\/lamissfitness.com\/contact\/\" target=\"_blank\" rel=\"noopener noreferrer\">ici<\/a> ou sur ma page <a href=\"https:\/\/www.instagram.com\/lamissfitness\/\" target=\"_blank\" rel=\"noopener noreferrer\">Instagram @lamissfitness<\/a> et <a href=\"https:\/\/www.facebook.com\/lamissfitness\/?ref=bookmarks\" target=\"_blank\" rel=\"noopener noreferrer\">Facebook<\/a>.<\/p>\n<p><strong>Lamiss Kerkeni<\/strong><br \/><em>Fitness &#038; Nutrition Specialist<br \/><a href=\"http:\/\/www.lamissfitness.com\" target=\"_blank\" rel=\"noopener noreferrer\">www.lamissfitness.com<\/a><\/em><br \/>\u00a0<\/p>\n<p>Auteur:<br \/>\n<a href=\"https:\/\/www.leaders.com.tn\/article\/28695-entre-exces-et-culpabilite-3-astuces-pour-passer-les-fetes-en-toute-serenite\">Cliquez ici pour lire l&rsquo;article depuis sa source.<\/a><\/p>\n","protected":false},"excerpt":{"rendered":"<p>Votre crainte de voir tous les efforts fournis durant les derniers mois s\u2019envoler en cette p\u00e9riode de festivit\u00e9s, vous emp\u00eache-t-elle quasiment de profiter de ces pr\u00e9cieux moments ? Avec les repas, les sorties et les invitations qui s\u2019enchainent, la peur de perdre le contr\u00f4le peut effectivement devenir une source de stress et d\u2019anxi\u00e9t\u00e9. Car pour [&hellip;]<\/p>\n","protected":false},"author":1772,"featured_media":0,"comment_status":"closed","ping_status":"closed","sticky":false,"template":"","format":"standard","meta":{"fifu_image_url":"","fifu_image_alt":"","footnotes":""},"categories":[73,55],"tags":[],"class_list":["post-70976","post","type-post","status-publish","format-standard","hentry","category-actualite","category-tunisie"],"_links":{"self":[{"href":"https:\/\/linitiative.ca\/International\/wp-json\/wp\/v2\/posts\/70976","targetHints":{"allow":["GET"]}}],"collection":[{"href":"https:\/\/linitiative.ca\/International\/wp-json\/wp\/v2\/posts"}],"about":[{"href":"https:\/\/linitiative.ca\/International\/wp-json\/wp\/v2\/types\/post"}],"author":[{"embeddable":true,"href":"https:\/\/linitiative.ca\/International\/wp-json\/wp\/v2\/users\/1772"}],"replies":[{"embeddable":true,"href":"https:\/\/linitiative.ca\/International\/wp-json\/wp\/v2\/comments?post=70976"}],"version-history":[{"count":0,"href":"https:\/\/linitiative.ca\/International\/wp-json\/wp\/v2\/posts\/70976\/revisions"}],"wp:attachment":[{"href":"https:\/\/linitiative.ca\/International\/wp-json\/wp\/v2\/media?parent=70976"}],"wp:term":[{"taxonomy":"category","embeddable":true,"href":"https:\/\/linitiative.ca\/International\/wp-json\/wp\/v2\/categories?post=70976"},{"taxonomy":"post_tag","embeddable":true,"href":"https:\/\/linitiative.ca\/International\/wp-json\/wp\/v2\/tags?post=70976"}],"curies":[{"name":"wp","href":"https:\/\/api.w.org\/{rel}","templated":true}]}}