{"id":70980,"date":"2019-12-22T05:00:00","date_gmt":"2019-12-22T10:00:00","guid":{"rendered":"https:\/\/linitiative.ca\/International\/berlin-qualifie-dingerence-les-sanctions-americaines-contre-nord-stream2\/"},"modified":"2019-12-22T05:00:00","modified_gmt":"2019-12-22T10:00:00","slug":"berlin-qualifie-dingerence-les-sanctions-americaines-contre-nord-stream2","status":"publish","type":"post","link":"https:\/\/linitiative.ca\/International\/berlin-qualifie-dingerence-les-sanctions-americaines-contre-nord-stream2\/","title":{"rendered":"Berlin qualifie \u00abd&rsquo;ing\u00e9rence\u00bb les sanctions am\u00e9ricaines contre \u00abNord Stream2\u00bb"},"content":{"rendered":"<p>Le gouvernement allemand a fermement d\u00e9nonc\u00e9 samedi les sanctions am\u00e9ricaines contre le gazoduc \u00abNord Stream 2\u00bb, les qualifiant \u00abd&rsquo;ing\u00e9rence dans nos affaires int\u00e9rieures\u00bb, a affirm\u00e9 une porte-parole. \u00abLe gouvernement rejette ces sanctions extraterritoriales. Elles affectent des soci\u00e9t\u00e9s allemandes et europ\u00e9ennes et constituent une ing\u00e9rence dans nos affaires int\u00e9rieures\u00bb, a r\u00e9agi Ulrike Demmer, dans un communiqu\u00e9. Washington a \u00e9galement justifi\u00e9 ces mesures par sa volont\u00e9 de soutenir l&rsquo;Ukraine, rappelle la porte-parole de la chancellerie allemande Angela Merkel. Etant donn\u00e9 les progr\u00e8s r\u00e9alis\u00e9s jeudi pour trouver une issue au conflit russo-ukrainien au transit du gaz russe en Ukraine, les sanctions apparaissent \u00abparticuli\u00e8rement incompr\u00e9hensibles\u00bb, ajoute Mme Demmer. Lors d&rsquo;une r\u00e9union jeudi soir \u00e0 Berlin, sous l&rsquo;\u00e9gide de l&rsquo;Union europ\u00e9enne, les deux pays avaient conclu un accord de principe au sujet du transit du gaz russe pour l&rsquo;Europe via l&rsquo;Ukraine, avant l&rsquo;expiration du contrat le 31 d\u00e9cembre. Moscou et Kiev avaient paraph\u00e9 le protocole d&rsquo;accord le lendemain. Le Pr\u00e9sident am\u00e9ricain Donald Trump a promulgu\u00e9 vendredi la loi imposant des sanctions contre les entreprises associ\u00e9es \u00e0 la construction du gazoduc russe Nord Stream 2, au c\u0153ur d&rsquo;une bataille \u00e9conomique et g\u00e9opolitique entre les Etats-Unis et l&rsquo;Europe. Pour Washington, cet ouvrage va accro\u00eetre la d\u00e9pendance des Europ\u00e9ens au gaz russe et ainsi renforcer l&rsquo;influence de Moscou. L&rsquo;Union europ\u00e9enne, de son c\u00f4t\u00e9, d\u00e9nonce avec force l&rsquo;ing\u00e9rence des Etats-Unis dans sa politique \u00e9nerg\u00e9tique. Le gazoduc repr\u00e9sente un investissement d&rsquo;une dizaine de milliards d&rsquo;euros financ\u00e9 pour moiti\u00e9 par Gazprom et l&rsquo;autre moiti\u00e9 par cinq soci\u00e9t\u00e9s europ\u00e9ennes (OMV, Wintershall Dea, Engie, Uniper et Shell). Depuis ses d\u00e9buts, de nombreux obstacles se sont dress\u00e9s sur le chemin de ce projet. Nord Stream 2 n&rsquo;a ainsi obtenu que fin octobre le feu vert du Danemark pour traverser ses eaux, ce qui risque fort de retarder sa mise en service, initialement pr\u00e9vue fin 2019.\u00a0<\/p>\n<p>Auteur:<br \/>\n<a href=\"https:\/\/www.lesoirdalgerie.com\/monde\/berlin-qualifie-dingerence-les-sanctions-americaines-contre-nord-stream2-35675\">Cliquez ici pour lire l&rsquo;article depuis sa source.<\/a><\/p>\n","protected":false},"excerpt":{"rendered":"<p>Le gouvernement allemand a fermement d\u00e9nonc\u00e9 samedi les sanctions am\u00e9ricaines contre le gazoduc \u00abNord Stream 2\u00bb, les qualifiant \u00abd&rsquo;ing\u00e9rence dans nos affaires int\u00e9rieures\u00bb, a affirm\u00e9 une porte-parole. \u00abLe gouvernement rejette ces sanctions extraterritoriales. Elles affectent des soci\u00e9t\u00e9s allemandes et europ\u00e9ennes et constituent une ing\u00e9rence dans nos affaires int\u00e9rieures\u00bb, a r\u00e9agi Ulrike Demmer, dans un communiqu\u00e9. [&hellip;]<\/p>\n","protected":false},"author":1741,"featured_media":0,"comment_status":"closed","ping_status":"closed","sticky":false,"template":"","format":"standard","meta":{"fifu_image_url":"","fifu_image_alt":"","footnotes":""},"categories":[73,53],"tags":[],"class_list":["post-70980","post","type-post","status-publish","format-standard","hentry","category-actualite","category-algerie"],"_links":{"self":[{"href":"https:\/\/linitiative.ca\/International\/wp-json\/wp\/v2\/posts\/70980","targetHints":{"allow":["GET"]}}],"collection":[{"href":"https:\/\/linitiative.ca\/International\/wp-json\/wp\/v2\/posts"}],"about":[{"href":"https:\/\/linitiative.ca\/International\/wp-json\/wp\/v2\/types\/post"}],"author":[{"embeddable":true,"href":"https:\/\/linitiative.ca\/International\/wp-json\/wp\/v2\/users\/1741"}],"replies":[{"embeddable":true,"href":"https:\/\/linitiative.ca\/International\/wp-json\/wp\/v2\/comments?post=70980"}],"version-history":[{"count":0,"href":"https:\/\/linitiative.ca\/International\/wp-json\/wp\/v2\/posts\/70980\/revisions"}],"wp:attachment":[{"href":"https:\/\/linitiative.ca\/International\/wp-json\/wp\/v2\/media?parent=70980"}],"wp:term":[{"taxonomy":"category","embeddable":true,"href":"https:\/\/linitiative.ca\/International\/wp-json\/wp\/v2\/categories?post=70980"},{"taxonomy":"post_tag","embeddable":true,"href":"https:\/\/linitiative.ca\/International\/wp-json\/wp\/v2\/tags?post=70980"}],"curies":[{"name":"wp","href":"https:\/\/api.w.org\/{rel}","templated":true}]}}