{"id":70982,"date":"2019-12-22T05:00:00","date_gmt":"2019-12-22T10:00:00","guid":{"rendered":"https:\/\/linitiative.ca\/International\/trois-installations-petrolieres-visees-par-une-attaque-terroriste\/"},"modified":"2019-12-22T05:00:00","modified_gmt":"2019-12-22T10:00:00","slug":"trois-installations-petrolieres-visees-par-une-attaque-terroriste","status":"publish","type":"post","link":"https:\/\/linitiative.ca\/International\/trois-installations-petrolieres-visees-par-une-attaque-terroriste\/","title":{"rendered":"Trois installations p\u00e9troli\u00e8res vis\u00e9es par une attaque terroriste"},"content":{"rendered":"<p>Une attaque terroriste a vis\u00e9 trois infrastructures p\u00e9troli\u00e8res et gazi\u00e8res dans la province centrale de Homs en Syrie, a indiqu\u00e9 samedi le minist\u00e8re syrien du P\u00e9trole et des Richesses min\u00e9rales, sans en pr\u00e9ciser l&rsquo;origine ou les circonstances. Sur sa page Facebook, le minist\u00e8re a fait \u00e9tat d&rsquo;\u00abune attaque terroriste syst\u00e9matique et simultan\u00e9e sur trois installations p\u00e9troli\u00e8res\u00bb, dont la raffinerie de Homs situ\u00e9e dans la ville \u00e9ponyme, une usine de production de gaz dans le sud de la province et une station de distribution dans la badiya (d\u00e9sert), dans l&rsquo;est. L&rsquo;attaque, perp\u00e9tr\u00e9e \u00e0 l&rsquo;aube, a \u00abcaus\u00e9 des d\u00e9g\u00e2ts dans certaines unit\u00e9s de production\u00bb, a ajout\u00e9 le minist\u00e8re, indiquant que des \u00e9quipes de pompiers sont intervenues pour \u00e9teindre les incendies tandis que des travaux de r\u00e9paration ont d\u00e9but\u00e9 dans les installations endommag\u00e9es. La t\u00e9l\u00e9vision d&rsquo;Etat syrienne a diffus\u00e9 des images montrant des pompiers affair\u00e9s \u00e0 dompter les flammes dans une des installations. En juillet dernier, 20 personnes ont \u00e9t\u00e9 tu\u00e9es dans un attentat \u00e0 la voiture pi\u00e9g\u00e9e revendiqu\u00e9 par le groupe terroriste\u00a0 Daesh et perp\u00e9tr\u00e9 non loin du champ p\u00e9trolier d&rsquo;Al-Omar, sous le contr\u00f4le de forces kurdes.<\/p>\n<p>Auteur:<br \/>\n<a href=\"https:\/\/www.lesoirdalgerie.com\/monde\/trois-installations-petrolieres-visees-par-une-attaque-terroriste-35673\">Cliquez ici pour lire l&rsquo;article depuis sa source.<\/a><\/p>\n","protected":false},"excerpt":{"rendered":"<p>Une attaque terroriste a vis\u00e9 trois infrastructures p\u00e9troli\u00e8res et gazi\u00e8res dans la province centrale de Homs en Syrie, a indiqu\u00e9 samedi le minist\u00e8re syrien du P\u00e9trole et des Richesses min\u00e9rales, sans en pr\u00e9ciser l&rsquo;origine ou les circonstances. Sur sa page Facebook, le minist\u00e8re a fait \u00e9tat d&rsquo;\u00abune attaque terroriste syst\u00e9matique et simultan\u00e9e sur trois installations [&hellip;]<\/p>\n","protected":false},"author":1741,"featured_media":0,"comment_status":"closed","ping_status":"closed","sticky":false,"template":"","format":"standard","meta":{"fifu_image_url":"","fifu_image_alt":"","footnotes":""},"categories":[73,53],"tags":[],"class_list":["post-70982","post","type-post","status-publish","format-standard","hentry","category-actualite","category-algerie"],"_links":{"self":[{"href":"https:\/\/linitiative.ca\/International\/wp-json\/wp\/v2\/posts\/70982","targetHints":{"allow":["GET"]}}],"collection":[{"href":"https:\/\/linitiative.ca\/International\/wp-json\/wp\/v2\/posts"}],"about":[{"href":"https:\/\/linitiative.ca\/International\/wp-json\/wp\/v2\/types\/post"}],"author":[{"embeddable":true,"href":"https:\/\/linitiative.ca\/International\/wp-json\/wp\/v2\/users\/1741"}],"replies":[{"embeddable":true,"href":"https:\/\/linitiative.ca\/International\/wp-json\/wp\/v2\/comments?post=70982"}],"version-history":[{"count":0,"href":"https:\/\/linitiative.ca\/International\/wp-json\/wp\/v2\/posts\/70982\/revisions"}],"wp:attachment":[{"href":"https:\/\/linitiative.ca\/International\/wp-json\/wp\/v2\/media?parent=70982"}],"wp:term":[{"taxonomy":"category","embeddable":true,"href":"https:\/\/linitiative.ca\/International\/wp-json\/wp\/v2\/categories?post=70982"},{"taxonomy":"post_tag","embeddable":true,"href":"https:\/\/linitiative.ca\/International\/wp-json\/wp\/v2\/tags?post=70982"}],"curies":[{"name":"wp","href":"https:\/\/api.w.org\/{rel}","templated":true}]}}