{"id":70983,"date":"2019-12-22T05:00:00","date_gmt":"2019-12-22T10:00:00","guid":{"rendered":"https:\/\/linitiative.ca\/International\/la-ligue-arabe-se-felicite-de-la-decision-de-la-cpi-douvrir-une-enquete\/"},"modified":"2019-12-22T05:00:00","modified_gmt":"2019-12-22T10:00:00","slug":"la-ligue-arabe-se-felicite-de-la-decision-de-la-cpi-douvrir-une-enquete","status":"publish","type":"post","link":"https:\/\/linitiative.ca\/International\/la-ligue-arabe-se-felicite-de-la-decision-de-la-cpi-douvrir-une-enquete\/","title":{"rendered":"La Ligue arabe se f\u00e9licite de la d\u00e9cision de la CPI d&rsquo;ouvrir une enqu\u00eate"},"content":{"rendered":"<p>La Ligue des Etats arabes s&rsquo;est f\u00e9licit\u00e9e, samedi, de l&rsquo;annonce par le procureur de la Cour p\u00e9nale internationale (CPI) de son intention d&rsquo;ouvrir une enqu\u00eate sur les crimes de l&rsquo;occupation isra\u00e9lienne dans les territoires palestiniens.\u00a0<br \/>\u00abCette d\u00e9cision est une \u00e9tape qualitative importante qui refl\u00e8te la volont\u00e9 de la communaut\u00e9 internationale, qui a longtemps condamn\u00e9 ces crimes et a demand\u00e9 que leurs auteurs soient arr\u00eat\u00e9s et jug\u00e9s, et que l&rsquo;autorit\u00e9 d&rsquo;occupation soit tenue pour responsable, en plus de la fourniture de la protection n\u00e9cessaire au peuple palestinien sur la voie de la fin de l&rsquo;occupation isra\u00e9lienne\u00bb, a d\u00e9clar\u00e9 le secr\u00e9taire g\u00e9n\u00e9ral adjoint pour la Palestine et les territoires arabes occup\u00e9s \u00e0 la Ligue arabe, Saeed Abu Ali, cit\u00e9 par des m\u00e9dias. Il a ajout\u00e9 que c&rsquo;est ce que demandaient pertinemment les Etats membres de la Ligue arabe dans les d\u00e9cisions sanctionnant les r\u00e9unions de ses Conseils. Le sous-secr\u00e9taire g\u00e9n\u00e9ral a soulign\u00e9, en outre, que cette d\u00e9cision \u00e9tait la plus urgente \u00e0 la lumi\u00e8re des crimes de guerre sans pr\u00e9c\u00e9dent, dont la colonisation auxquels la Palestine fait face, notant que \u00abc&rsquo;est ce qui interpelle tout le monde en particulier la Cour p\u00e9nale \u00e0 parachever cette \u00e9tape et \u00e0 suivre la mise en \u0153uvre rapide de la d\u00e9cision importante avec les \u00e9l\u00e9ments positifs, rapides et efficaces n\u00e9cessaires\u00bb. Et de poursuivre : \u00abAtteindre les objectifs souhait\u00e9s du syst\u00e8me de justice, d\u2019\u00e9quit\u00e9 et de protection du peuple palestinien, qui va dans le bon sens et dans le bon temps et son retard entra\u00eene le sens de l\u2019intersectionnalit\u00e9 avec la juste lutte du peuple palestinien pour la libert\u00e9 et l\u2019ind\u00e9pendance, \u00e0 travers des organes de justice internationaux portant leurs responsabilit\u00e9s dans l\u2019application des r\u00e8gles de justice et d\u2019\u00e9quit\u00e9 de la l\u00e9gitimit\u00e9 internationale et du droit international\u00bb. La d\u00e9cision de la procureure de la CPI, Fatou Bensouda, qui a souhait\u00e9 l&rsquo;ouverture d&rsquo;une enqu\u00eate compl\u00e8te sur d&rsquo;\u00e9ventuels crimes de guerre dans les Territoires palestiniens, a \u00e9t\u00e9 \u00e9galement salu\u00e9e la veille par l&rsquo;Etat de Palestine. \u00abL&rsquo;Etat de Palestine salue cette \u00e9tape, qui aurait d\u00fb \u00eatre prise il y a longtemps (&#8230;), afin de parvenir \u00e0 une enqu\u00eate apr\u00e8s pr\u00e8s de cinq ann\u00e9es longues et difficiles d&rsquo;examen pr\u00e9liminaire\u00bb, a d\u00e9clar\u00e9 le minist\u00e8re des Affaires \u00e9trang\u00e8res palestinien dans un communiqu\u00e9.\u00a0<\/p>\n<p>Auteur:<br \/>\n<a href=\"https:\/\/www.lesoirdalgerie.com\/monde\/la-ligue-arabe-se-felicite-de-la-decision-de-la-cpi-douvrir-une-enquete-35672\">Cliquez ici pour lire l&rsquo;article depuis sa source.<\/a><\/p>\n","protected":false},"excerpt":{"rendered":"<p>La Ligue des Etats arabes s&rsquo;est f\u00e9licit\u00e9e, samedi, de l&rsquo;annonce par le procureur de la Cour p\u00e9nale internationale (CPI) de son intention d&rsquo;ouvrir une enqu\u00eate sur les crimes de l&rsquo;occupation isra\u00e9lienne dans les territoires palestiniens.\u00a0\u00abCette d\u00e9cision est une \u00e9tape qualitative importante qui refl\u00e8te la volont\u00e9 de la communaut\u00e9 internationale, qui a longtemps condamn\u00e9 ces crimes [&hellip;]<\/p>\n","protected":false},"author":1741,"featured_media":0,"comment_status":"closed","ping_status":"closed","sticky":false,"template":"","format":"standard","meta":{"fifu_image_url":"","fifu_image_alt":"","footnotes":""},"categories":[73,53],"tags":[],"class_list":["post-70983","post","type-post","status-publish","format-standard","hentry","category-actualite","category-algerie"],"_links":{"self":[{"href":"https:\/\/linitiative.ca\/International\/wp-json\/wp\/v2\/posts\/70983","targetHints":{"allow":["GET"]}}],"collection":[{"href":"https:\/\/linitiative.ca\/International\/wp-json\/wp\/v2\/posts"}],"about":[{"href":"https:\/\/linitiative.ca\/International\/wp-json\/wp\/v2\/types\/post"}],"author":[{"embeddable":true,"href":"https:\/\/linitiative.ca\/International\/wp-json\/wp\/v2\/users\/1741"}],"replies":[{"embeddable":true,"href":"https:\/\/linitiative.ca\/International\/wp-json\/wp\/v2\/comments?post=70983"}],"version-history":[{"count":0,"href":"https:\/\/linitiative.ca\/International\/wp-json\/wp\/v2\/posts\/70983\/revisions"}],"wp:attachment":[{"href":"https:\/\/linitiative.ca\/International\/wp-json\/wp\/v2\/media?parent=70983"}],"wp:term":[{"taxonomy":"category","embeddable":true,"href":"https:\/\/linitiative.ca\/International\/wp-json\/wp\/v2\/categories?post=70983"},{"taxonomy":"post_tag","embeddable":true,"href":"https:\/\/linitiative.ca\/International\/wp-json\/wp\/v2\/tags?post=70983"}],"curies":[{"name":"wp","href":"https:\/\/api.w.org\/{rel}","templated":true}]}}