{"id":70984,"date":"2019-12-22T04:59:48","date_gmt":"2019-12-22T09:59:48","guid":{"rendered":"https:\/\/linitiative.ca\/International\/sixieme-edition-des-lafargeholcim-awards\/"},"modified":"2019-12-22T04:59:48","modified_gmt":"2019-12-22T09:59:48","slug":"sixieme-edition-des-lafargeholcim-awards","status":"publish","type":"post","link":"https:\/\/linitiative.ca\/International\/sixieme-edition-des-lafargeholcim-awards\/","title":{"rendered":"Sixi\u00e8me \u00e9dition des LafargeHolcim Awards"},"content":{"rendered":"<p><strong>LafargeHolcim Maroc\u00a0a annonc\u00e9 la semaine derni\u00e8re \u00e0 Casablanca la 6<\/strong><sup><strong>\u00e8me<\/strong><\/sup><strong>\u00a0\u00e9dition des LafargeHolcim Awards, un concours international en mati\u00e8re de construction durable initi\u00e9 par la Fondation LafargeHolcim avec une dotation globale de 2 millions de dollars.<br \/><\/strong><\/p>\n<div class=\"c16\">\n<fieldset class=\"c15\">\n<legend><strong><span class=\"c10\">Challenge<\/span><span class=\"c11\">news<\/span><\/strong><\/legend>\n<div class=\"c14\">Le meilleur de Challenge s\u00e9lectionn\u00e9 par la r\u00e9daction :<\/p>\n<\/div>\n<\/fieldset>\n<\/div>\n<p>Auteur: challenge<br \/>\n<a href=\"https:\/\/www.challenge.ma\/sixieme-edition-des-lafargeholcim-awards-126284\/\">Cliquez ici pour lire l&rsquo;article depuis sa source.<\/a><\/p>\n","protected":false},"excerpt":{"rendered":"<p>LafargeHolcim Maroc\u00a0a annonc\u00e9 la semaine derni\u00e8re \u00e0 Casablanca la 6\u00e8me\u00a0\u00e9dition des LafargeHolcim Awards, un concours international en mati\u00e8re de construction durable initi\u00e9 par la Fondation LafargeHolcim avec une dotation globale de 2 millions de dollars. Challengenews Le meilleur de Challenge s\u00e9lectionn\u00e9 par la r\u00e9daction : Auteur: challenge Cliquez ici pour lire l&rsquo;article depuis sa source.<\/p>\n","protected":false},"author":1787,"featured_media":0,"comment_status":"closed","ping_status":"closed","sticky":false,"template":"","format":"standard","meta":{"fifu_image_url":"","fifu_image_alt":"","footnotes":""},"categories":[78,54],"tags":[],"class_list":["post-70984","post","type-post","status-publish","format-standard","hentry","category-economie","category-maroc"],"_links":{"self":[{"href":"https:\/\/linitiative.ca\/International\/wp-json\/wp\/v2\/posts\/70984","targetHints":{"allow":["GET"]}}],"collection":[{"href":"https:\/\/linitiative.ca\/International\/wp-json\/wp\/v2\/posts"}],"about":[{"href":"https:\/\/linitiative.ca\/International\/wp-json\/wp\/v2\/types\/post"}],"author":[{"embeddable":true,"href":"https:\/\/linitiative.ca\/International\/wp-json\/wp\/v2\/users\/1787"}],"replies":[{"embeddable":true,"href":"https:\/\/linitiative.ca\/International\/wp-json\/wp\/v2\/comments?post=70984"}],"version-history":[{"count":0,"href":"https:\/\/linitiative.ca\/International\/wp-json\/wp\/v2\/posts\/70984\/revisions"}],"wp:attachment":[{"href":"https:\/\/linitiative.ca\/International\/wp-json\/wp\/v2\/media?parent=70984"}],"wp:term":[{"taxonomy":"category","embeddable":true,"href":"https:\/\/linitiative.ca\/International\/wp-json\/wp\/v2\/categories?post=70984"},{"taxonomy":"post_tag","embeddable":true,"href":"https:\/\/linitiative.ca\/International\/wp-json\/wp\/v2\/tags?post=70984"}],"curies":[{"name":"wp","href":"https:\/\/api.w.org\/{rel}","templated":true}]}}