{"id":70985,"date":"2019-12-22T06:30:25","date_gmt":"2019-12-22T11:30:25","guid":{"rendered":"https:\/\/linitiative.ca\/International\/lecume-des-choses\/"},"modified":"2019-12-22T06:30:25","modified_gmt":"2019-12-22T11:30:25","slug":"lecume-des-choses","status":"publish","type":"post","link":"https:\/\/linitiative.ca\/International\/lecume-des-choses\/","title":{"rendered":"L\u2019\u00e9cume des choses"},"content":{"rendered":"<p><strong>\u00ab Damned ! \u00bb (*)<\/strong><\/p>\n<div class=\"c10\"\/>\n<p>Quoique vous fassiez dans la vie, il s\u2019en trouvera toujours ceux qui appr\u00e9cieront et d\u2019autres qui critiqueront. Sans compter ceux (ou celles) qui sont contre tout, soit par temp\u00e9rament, soit par orgueil d\u00e9mesur\u00e9 car ils (ou elles) se persuadent qu\u2019ils d\u00e9tiennent la V\u00e9rit\u00e9.\u00a0<\/p>\n<p>Il y a aussi les sp\u00e9cialistes du \u00abd\u00e9zingage \u00bb, ceux-l\u00e0 cherchent la petite b\u00eate, les poux dans la t\u00eate, et s\u2019\u00e9vertuent \u00e0 couper les cheveux en quatre.<\/p>\n<p>Le complexe Mohammed VI, \u00e9difi\u00e9 \u00e0 la Maamora pour offrir un s\u00e9jour de qualit\u00e9 \u00e0 toutes les \u00e9quipes nationales d\u2019ici ou d\u2019ailleurs a \u00e9t\u00e9 salu\u00e9 unanimement. Unanimement ? Non, bien s\u00fbr, il y a eu des super comptables, plus forts que tous les autres qui ont d\u00e9clar\u00e9 que cette \u0153uvre, certes grandiose, \u00e9tait revenue trop cher, et de nous compter les milliards disparus qu\u2019ils sont seuls \u00e0 avoir \u00ab vus \u00bb. Leurs calculs et raisonnements ne reposent sur rien de tangible, ni de scientifique, mais pour eux, le principal c\u2019est de parler et de d\u00e9noncer. Ne se sont-ils pas autoproclam\u00e9s gardiens du temple ? F\u00fbt-ce ce temple du sport dont tout le monde attendait qu\u2019il sorte de terre pour offrir au pays le berceau d\u2019une renaissance ?<\/p>\n<p>M\u00e9fions-nous de ces impr\u00e9cateurs, de cette engeance, qui sans rien d\u00e9montrer, ne sont pas moins convaincus que tout va mal et que demain, \u00e7a ira encore plus mal, parce qu\u2019aujourd\u2019hui on fait tout de travers.<\/p>\n<p>Cette semaine, outre l\u2019inauguration du Complexe Mohammed VI, de la Maamora, il y a eu la nomination des membres de la Commission sp\u00e9ciale pour le Nouveau Mod\u00e8le de D\u00e9veloppement, trente-cinq personnalit\u00e9s marocaines qui vont r\u00e9fl\u00e9chir sous la f\u00e9rule distingu\u00e9e de Chakib Benmoussa.<\/p>\n<p>Avant m\u00eame qu\u2019ils aient boug\u00e9 le petit doigt, ni m\u00eame pris place dans leurs nouvelles fonctions, voici un ex-Chef de gouvernement leur promettant <em>\u00ables flammes de l\u2019enfer\u00bb<\/em> qui vont tous les happer pour leur apprendre \u00e0 s\u2019occuper de ce qui ne les regarde pas. Que ces messieurs et dames r\u00e9fl\u00e9chissent \u00e0 la fa\u00e7on dont doit \u00e9voluer la soci\u00e9t\u00e9 marocaine, mission pour laquelle ils ont \u00e9t\u00e9 d\u00e9sign\u00e9s, semble en avoir d\u00e9rang\u00e9 plus d\u2019un. C\u2019est de bonne guerre, dira-t-on, dans le marigot politicard o\u00f9 l\u2019on baigne, mais \u00eatre vou\u00e9 aux flammes de l\u2019Enfer, avec un grand \u00abE\u00bb \u00abAl Jahim\u00bb, ce formidable brasier qui br\u00fble \u00e9ternellement, reconnaissez que cela d\u00e9passe l\u2019entendement. D\u00e9j\u00e0, la conception de l\u2019\u00e9ternit\u00e9 devrait \u00eatre interdite \u00e0 tout \u00eatre humain qui est condamn\u00e9 \u00e0 finir. On ne devrait pas agiter des choses que l\u2019on ne ma\u00eetrise pas. L\u2019Enfer ? Et quoi encore, qu\u2019est-ce qu\u2019il ne faut pas entendre! Ce ch\u00e2timent supr\u00eame et abominable ne peut ob\u00e9ir qu\u2019\u00e0 la Volont\u00e9 du Cr\u00e9ateur, or voil\u00e0 qu\u2019un homme comme vous et moi, se permet d\u2019en menacer d\u2019autres \u00eatres humains. Cela donne la dimension orgueilleuse, et donc p\u00eacheresse, du personnage, mais cela r\u00e9v\u00e8le, h\u00e9las ce que l\u2019on savait d\u00e9j\u00e0, que certains ne reculent devant rien pour \u00ab garder la main \u00bb et \u00e9pouvanter ceux qui ne les \u00e9couteraient pas.\u00a0<\/p>\n<p>C\u2019est ainsi qu\u2019un beau matin de ce mois de D\u00e9cembre 2019, on s\u2019est retrouv\u00e9s \u00abmaudits\u00bb par un \u00ab<em>monsieur je sais tout<\/em>\u00bb et m\u00eame un monsieur qui saurait tout plus que vous et nous.<\/p>\n<p>Un homme de cet acabit qui connait les rouages de la vie d\u2019ici et de l\u2019au-del\u00e0, devrait \u00eatre incontournable car il d\u00e9tient la solution vraie et salvatrice.<\/p>\n<p>Il est seulement dommage que lorsqu\u2019il a eu les responsabilit\u00e9s pour nous mener vers un avenir meilleur, il a mieux r\u00e9ussi \u00e0 s\u2019occuper du sien et de ses copains.<\/p>\n<p>On ne saurait lui en vouloir, c\u2019est juste un \u00eatre humain qui a les d\u00e9fauts et les erreurs inh\u00e9rents \u00e0 sa nature humaine. Cela ne l\u2019emp\u00eache pas de vouloir juger les autres, et m\u00eame de les maudire.<\/p>\n<p>N\u2019est-ce pas cela la v\u00e9ritable mal\u00e9diction de notre pauvre condition de citoyen marocain soumis aux vents mauvais des d\u00e9magos ?<\/p>\n<p>Qu\u2019Allah, le Tout Puissant, le Vrai, l\u2019Unique, nous prot\u00e8ge. Et cela suffira \u00e0 \u00e9loigner de nous toutes les mal\u00e9dictions, surtout quand celles-ci ne sortent que de l\u2019imagination de dr\u00f4les de lascars.<\/p>\n<p><strong>L\u00e0-bas, \u00e0 Doha<\/strong><\/p>\n<p>C\u2019est \u00e0 Doha, capitale du Qatar, que se joue la Coupe du Monde des Clubs, vous savez cette excroissance du football, foot business dont la FIFA de Blatter s\u2019est entich\u00e9e avant qu\u2019Infantino, successeur du vieux sage suisse, ne pense \u00e0 l\u2019\u00e9liminer et \u00e0 la remplacer par autre chose de plus lucrative. Ce sera fait tr\u00e8s bient\u00f4t et Gianni Infantino promet du fric pour tous et, bien s\u00fbr, pour lui et son entreprise FIFA.\u00a0<\/p>\n<div class=\"wp-block-embed__wrapper\"><iframe loading=\"lazy\" title=\"Pocket Bank - Touriste\" width=\"1140\" height=\"641\" src=\"https:\/\/www.youtube.com\/embed\/fxcet8CLGhM?feature=oembed\" frameborder=\"0\" allow=\"accelerometer; autoplay; encrypted-media; gyroscope; picture-in-picture\" allowfullscreen=\"\">[embedded content]<\/iframe><\/div>\n<p>Revenons \u00e0 Doha et \u00e0 l\u2019\u00e9dition 2019 o\u00f9 l\u2019Esp\u00e9rance de Tunis, l\u2019un des champions d\u2019Afrique les moins convaincants de l\u2019Histoire, n\u2019a pu aller tr\u00e8s loin \u00e0 la grande joie des supporters marocains et surtout wydadis qui n\u2019ont rien oubli\u00e9 des m\u00e9saventures de Rad\u00e8s et de la \u00ab panne\u00bb de la VAR, mais oublions tout cela et parlons de Liverpool. L\u2019auguste club britannique Champion d\u2019Europe participe, bien s\u00fbr, \u00e0 Doha mais en m\u00eame temps pour ne pas d\u00e9ranger le calendrier anglais, il devait jouer son match de Coupe de Ligue qu\u2019il n\u2019est pas question de d\u00e9programmer.<\/p>\n<p>Alors mardi en Angleterre, un Liverpool jouait en coupe anglaise et le lendemain mercredi, un autre Liverpool se pr\u00e9sentait au Qatar. Pour cela, le club Liverpool n\u2019a pas eu peur, ni honte, de faire jouer en Angleterre, ses jeunes et m\u00eame la plus jeune formation de toute l\u2019histoire du football. Liverpool rajeuni a pris 5-0, et encaiss\u00e9 du m\u00eame coup sa premi\u00e8re d\u00e9faite de l\u2019ann\u00e9e.<\/p>\n<p>C\u2019est le prix du respect d\u2019un engagement et \u00e7a m\u00e9rite tous les applaudissements. Comme le public pr\u00e9sent \u00e0 Anfield-Road, terrain mythique de Liverpool, l\u2019a fait en applaudissant longuement cette jeune \u00e9quipe malgr\u00e9 sa lourde d\u00e9faite.n<\/p>\n<p>NB : \u00abDamned\u00bb est une expression de h\u00e9ros de B.D (bande dessin\u00e9e) ; encore un produit de l\u2019enfer\u2026 N\u2019est-ce point messieurs les moralisateurs, pr\u00eacheurs et sermonneurs de toutes sortes ?<\/p>\n<div class=\"c17\">\n<fieldset class=\"c16\">\n<legend><strong><span class=\"c11\">Challenge<\/span><span class=\"c12\">news<\/span><\/strong><\/legend>\n<div class=\"c15\">Le meilleur de Challenge s\u00e9lectionn\u00e9 par la r\u00e9daction :<\/p>\n<\/div>\n<\/fieldset>\n<\/div>\n<p>Auteur: Najib Salmi<br \/>\n<a href=\"https:\/\/www.challenge.ma\/lecume-des-choses-126292\/\">Cliquez ici pour lire l&rsquo;article depuis sa source.<\/a><\/p>\n","protected":false},"excerpt":{"rendered":"<p>\u00ab Damned ! \u00bb (*) Quoique vous fassiez dans la vie, il s\u2019en trouvera toujours ceux qui appr\u00e9cieront et d\u2019autres qui critiqueront. Sans compter ceux (ou celles) qui sont contre tout, soit par temp\u00e9rament, soit par orgueil d\u00e9mesur\u00e9 car ils (ou elles) se persuadent qu\u2019ils d\u00e9tiennent la V\u00e9rit\u00e9.\u00a0 Il y a aussi les sp\u00e9cialistes du [&hellip;]<\/p>\n","protected":false},"author":1787,"featured_media":0,"comment_status":"closed","ping_status":"closed","sticky":false,"template":"","format":"standard","meta":{"fifu_image_url":"","fifu_image_alt":"","footnotes":""},"categories":[78,54],"tags":[],"class_list":["post-70985","post","type-post","status-publish","format-standard","hentry","category-economie","category-maroc"],"_links":{"self":[{"href":"https:\/\/linitiative.ca\/International\/wp-json\/wp\/v2\/posts\/70985","targetHints":{"allow":["GET"]}}],"collection":[{"href":"https:\/\/linitiative.ca\/International\/wp-json\/wp\/v2\/posts"}],"about":[{"href":"https:\/\/linitiative.ca\/International\/wp-json\/wp\/v2\/types\/post"}],"author":[{"embeddable":true,"href":"https:\/\/linitiative.ca\/International\/wp-json\/wp\/v2\/users\/1787"}],"replies":[{"embeddable":true,"href":"https:\/\/linitiative.ca\/International\/wp-json\/wp\/v2\/comments?post=70985"}],"version-history":[{"count":0,"href":"https:\/\/linitiative.ca\/International\/wp-json\/wp\/v2\/posts\/70985\/revisions"}],"wp:attachment":[{"href":"https:\/\/linitiative.ca\/International\/wp-json\/wp\/v2\/media?parent=70985"}],"wp:term":[{"taxonomy":"category","embeddable":true,"href":"https:\/\/linitiative.ca\/International\/wp-json\/wp\/v2\/categories?post=70985"},{"taxonomy":"post_tag","embeddable":true,"href":"https:\/\/linitiative.ca\/International\/wp-json\/wp\/v2\/tags?post=70985"}],"curies":[{"name":"wp","href":"https:\/\/api.w.org\/{rel}","templated":true}]}}