{"id":70999,"date":"2019-12-22T15:00:33","date_gmt":"2019-12-22T20:00:33","guid":{"rendered":"https:\/\/linitiative.ca\/International\/passage-du-franc-cfa-a-leco\/"},"modified":"2019-12-22T15:00:33","modified_gmt":"2019-12-22T20:00:33","slug":"passage-du-franc-cfa-a-leco","status":"publish","type":"post","link":"https:\/\/linitiative.ca\/International\/passage-du-franc-cfa-a-leco\/","title":{"rendered":"PASSAGE DU FRANC CFA A L\u2019ECO"},"content":{"rendered":"<div class=\"stream-item stream-item-above-post-content\">\n<p><noscript><\/p>\n<p><a href=\"\/\/www3.smartadserver.com\/ac?jump=1&#038;nwid=2136&#038;siteid=240610&#038;pgname=rg&#038;fmtid=49046&#038;visit=m&#038;tmstp=[timestamp]&#038;out=nonrich\" target=\"_blank\" rel=\"noopener noreferrer\"><img decoding=\"async\" src=\"\/\/www3.smartadserver.com\/ac?out=nonrich&#038;nwid=2136&#038;siteid=240610&#038;pgname=rg&#038;fmtid=49046&#038;visit=m&#038;tmstp=[timestamp]\" border=\"0\" alt=\"\"\/><\/a><\/p>\n<p><\/noscript><\/div>\n<p class=\"c3\">On en entendait parler depuis des mois voire des ann\u00e9es, mais le coup de semonce a seulement \u00e9t\u00e9 donn\u00e9 samedi dernier par le tandem Ouattara-Macron, et c\u2019est peu de dire qu\u2019il a quelque peu surpris les Africains concern\u00e9s par cette d\u00e9cision \u00a0\u00e0 \u00a0la \u00a0fois \u00a0historique \u00a0et \u00a0symbolique. \u00a0On \u00a0se \u00a0demandait, \u00a0en \u00a0effet \u00a0et \u00a0\u00e0 \u00a0juste \u00a0titre , si \u00a0cette <em>\u00abarl\u00e9sienne\u00bb<\/em> de monnaie unique dans l\u2019espace CEDEAO que les Etats membres envisagent depuis une trentaine d\u2019ann\u00e9es, allait \u00eatre un jour, effective, notamment \u00e0 cause des multiples reports du projet. Cette fois-ci semble la bonne, et les pr\u00e9sidents fran\u00e7ais et ivoirien ont \u00e9t\u00e9 prolifiques sur le sujet au cours de leur conf\u00e9rence de presse samedi dernier \u00e0 Abidjan. L\u2019\u00e9ch\u00e9ance de 2020 dont parlaient les chefs d\u2019Etat de la r\u00e9gion et les sp\u00e9cialistes de la question a \u00e9t\u00e9, pour ainsi dire, confirm\u00e9e, et des d\u00e9tails ont \u00e9t\u00e9 apport\u00e9s sur ce qui va changer et sur ce qui va demeurer, apr\u00e8s la mort du franc CFA et son remplacement tambour battant par l\u2019Eco qui est, soit dit en passant, un diminutif de l\u2019acronyme ECOWAS (Economic Community of African Startes) qui est l\u2019abr\u00e9viation anglaise de la Communaut\u00e9 \u00e9conomique des Etats de l\u2019Afrique de l\u2019Ouest. \u00a0L\u2019Eco sera \u00e0 terme, et selon le v\u0153u des chefs d\u2019Etat de la sous-r\u00e9gion, la monnaie unique de tous les pays de la CEDEAO. Mais en attendant de remplir toutes les conditions \u00e0 cet effet, c\u2019est la zone UEMOA (Union \u00e9conomique et mon\u00e9taire ouest-africaine) qui servira de pilote avec ses huit pays membres. Bien plus que le changement de nom, c\u2019est une nouvelle \u00e8re que la nouvelle monnaie ouvrira dans la relation souvent d\u00e9cri\u00e9e entre la France et ses anciennes colonies d\u2019Afrique de l\u2019Ouest, \u00e0 travers notamment des changements majeurs comme la fermeture du tr\u00e8s clivant compte d\u2019op\u00e9rations ouvert par la Banque centrale des Etats de l\u2019Afrique de l\u2019Ouest aupr\u00e8s du Tr\u00e9sor fran\u00e7ais pour y d\u00e9poser une partie (50%) de ses r\u00e9serves de change en contrepartie de la convertibilit\u00e9 du CFA. En clair, nos pays n\u2019ayant pas la possibilit\u00e9 d\u2019\u00e9changer notre monnaie (le CFA) contre des devises \u00e9trang\u00e8res, ils sont oblig\u00e9s de d\u00e9poser plusieurs milliers de milliards de nos francs dans le fameux compte d\u2019op\u00e9rations afin que la France accepte d\u2019\u00eatre notre garante et facilite notre int\u00e9gration dans l\u2019\u00e9conomie mondiale.<\/p>\n<p class=\"c3\">La France a entendu les messages <strong>qui fusent de partout<\/strong><\/p>\n<p><strong>\u00a0<\/strong><\/p>\n<p class=\"c3\">Que fait la France avec ce pactole ? Difficile d\u2019y r\u00e9pondre, car c\u2019est quasiment un secret-d\u00e9fense qui alimente des supputations selon lesquelles nos amis Fran\u00e7ais placeraient cet argent pour en tirer des b\u00e9n\u00e9fices substantiels, ou l\u2019utiliseraient pour amortir la dette publique d\u2019autant que ces milliards sont pr\u00e9sents en tr\u00e9sorerie sur le compte de l\u2019Etat fran\u00e7ais. Exit donc ce compte <em>\u00ab \u00e0 probl\u00e8mes \u00bb<\/em> et du coup, ce sont ces r\u00e9serves de change de plusieurs milliards qui devront revenir pour \u00eatre g\u00e9r\u00e9es par nos banques centrales. On pourrait donc penser <em>a priori<\/em> que nous aurons l\u00e0 des sources importantes d\u2019investissement et pourquoi pas de financement pour des petites et moyennes entreprises qui permettront de lutter contre le ch\u00f4mage. Disons-le tout net, la fin du d\u00e9p\u00f4t des r\u00e9serves de change en France pourrait se r\u00e9v\u00e9ler \u00eatre un couteau \u00e0 double tranchant pour nos dirigeants car ils auront certes obtenu ce qu\u2019ils cherchent depuis plusieurs ann\u00e9es, mais ils ne pourront plus se servir de notre ancien colonisateur comme d\u00e9rivatif, comme exutoire ou comme bouc-\u00e9missaire quand \u00e7a va bouillonner sur les plans \u00e9conomique et social. Il n\u2019est m\u00eame pas exclu qu\u2019en acc\u00e9dant en partie, peut-\u00eatre par d\u00e9pit, \u00e0 ces revendications identitaires, le pr\u00e9sident Macron ait voulu non seulement panser une plaie qui remonte \u00e0 la colonisation, mais surtout mettre nos chefs d\u2019Etat face \u00e0 leurs responsabilit\u00e9s, comme il entend d\u2019ailleurs le faire dans le domaine de la coop\u00e9ration militaire, le 13 janvier prochain \u00e0 Pau. Et pour rappeler \u00e0 tous que la France a entendu les messages qui fusent de partout pour d\u00e9noncer sa pr\u00e9sence encombrante dans les instances de d\u00e9cision de la BCEAO et de l\u2019UEMOA, Emmanuel Macron a accept\u00e9, probablement malgr\u00e9 lui, le d\u00e9part des repr\u00e9sentants fran\u00e7ais de ces deux institutions. C\u2019est certainement l\u00e0 aussi, une fa\u00e7on de dire, sans le dire, que les dirigeants ouest- africains doivent d\u00e9sormais, \u00a0par \u00a0le \u00a0biais \u00a0d\u2019une \u00a0gouvernance \u00a0irr\u00e9prochable, \u00a0assumer \u00a0toutes \u00a0les \u00a0contreparties \u00a0de l\u2019ind\u00e9pendance politique et tester \u00a0en grandeur nature\u00a0 \u00a0leur volont\u00e9 r\u00e9guli\u00e8rement affich\u00e9e ces derniers temps d\u2019\u0153uvrer pour l\u2019int\u00e9gration r\u00e9gionale. En tout \u00e9tat de cause, on aurait dit qu\u2019avec le franc CFA, tout est bien qui finit bien si la France n\u2019avait pas gard\u00e9 une fl\u00e8che\u2026empoisonn\u00e9e dans son carquois, \u00e0 savoir la parit\u00e9 fixe entre l\u2019Eco et l\u2019Euro (1 Euro sera toujours \u00e9gal \u00e0 655,95 Eco). En martelant que la France conservera son r\u00f4le de garant financier pour tous les pays de l\u2019UEMOA, Emmanuel Macron r\u00e9v\u00e8le que son pays ne l\u00e2che pas enti\u00e8rement prise, surtout pas sur ce point pr\u00e9cis et dans le contexte actuel o\u00f9 le Yuan chinois pourrait int\u00e9resser davantage nos commer\u00e7ants et op\u00e9rateurs \u00e9conomiques qui se tournent de plus en plus vers <em>le pays du soleil levant.<\/em> L\u2019arrimage \u00e0 l\u2019Euro favorisera \u00e9videmment les importateurs et les entreprises \u00e9trang\u00e8res, fran\u00e7aises y compris, en raison de la faiblesse de l\u2019Eco par rapport \u00e0 l\u2019Euro. En revanche, cette parit\u00e9 fixe handicaperait s\u00e9rieusement comme c\u2019est le cas actuellement, les exportations dans tous les pays membres de l\u2019UEMOA, d\u2019autant que les paiements se feront en devises \u00e9trang\u00e8res, principalement en Euro dont on conna\u00eet la valeur par rapport \u00e0 l\u2019Eco. C\u2019est d\u2019ailleurs pour ces raisons, mais pas seulement, que les autres pays membres de l\u2019espace CEDEAO h\u00e9sitent \u00e0 sauter pieds joints dans cette aventure, pr\u00e9f\u00e9rant le <em>\u2018\u2019wait and see\u2019\u2019<\/em> tant que la France aura un pied dedans et un autre dehors. Pourtant, cette monnaie unique pour tous les\u00a0 pays de la sous-r\u00e9gion aurait pu faciliter les \u00e9changes commerciaux et permettre de fructifier les affaires, au grand bonheur des populations qui attendent depuis des d\u00e9cennies que ce r\u00eave se concr\u00e9tise. Esp\u00e9rons que cela se fera de fa\u00e7on progressive, et que la coop\u00e9ration mon\u00e9taire entre les pays francophones et la France sera dans quelques ann\u00e9es, un douloureux, mais lointain souvenir.<\/p>\n<p><strong>H<\/strong><strong>amadou GADIAGA<\/strong><\/p>\n<p>Auteur: Le Pays<br \/>\n<a href=\"http:\/\/lepays.bf\/passage-du-franc-cfa-a-leco\/\">Cliquez ici pour lire l&rsquo;article depuis sa source.<\/a><\/p>\n","protected":false},"excerpt":{"rendered":"<p>On en entendait parler depuis des mois voire des ann\u00e9es, mais le coup de semonce a seulement \u00e9t\u00e9 donn\u00e9 samedi dernier par le tandem Ouattara-Macron, et c\u2019est peu de dire qu\u2019il a quelque peu surpris les Africains concern\u00e9s par cette d\u00e9cision \u00a0\u00e0 \u00a0la \u00a0fois \u00a0historique \u00a0et \u00a0symbolique. \u00a0On \u00a0se \u00a0demandait, \u00a0en \u00a0effet \u00a0et \u00a0\u00e0 \u00a0juste [&hellip;]<\/p>\n","protected":false},"author":1813,"featured_media":0,"comment_status":"closed","ping_status":"closed","sticky":false,"template":"","format":"standard","meta":{"fifu_image_url":"","fifu_image_alt":"","footnotes":""},"categories":[73,81],"tags":[],"class_list":["post-70999","post","type-post","status-publish","format-standard","hentry","category-actualite","category-burkina-faso"],"_links":{"self":[{"href":"https:\/\/linitiative.ca\/International\/wp-json\/wp\/v2\/posts\/70999","targetHints":{"allow":["GET"]}}],"collection":[{"href":"https:\/\/linitiative.ca\/International\/wp-json\/wp\/v2\/posts"}],"about":[{"href":"https:\/\/linitiative.ca\/International\/wp-json\/wp\/v2\/types\/post"}],"author":[{"embeddable":true,"href":"https:\/\/linitiative.ca\/International\/wp-json\/wp\/v2\/users\/1813"}],"replies":[{"embeddable":true,"href":"https:\/\/linitiative.ca\/International\/wp-json\/wp\/v2\/comments?post=70999"}],"version-history":[{"count":0,"href":"https:\/\/linitiative.ca\/International\/wp-json\/wp\/v2\/posts\/70999\/revisions"}],"wp:attachment":[{"href":"https:\/\/linitiative.ca\/International\/wp-json\/wp\/v2\/media?parent=70999"}],"wp:term":[{"taxonomy":"category","embeddable":true,"href":"https:\/\/linitiative.ca\/International\/wp-json\/wp\/v2\/categories?post=70999"},{"taxonomy":"post_tag","embeddable":true,"href":"https:\/\/linitiative.ca\/International\/wp-json\/wp\/v2\/tags?post=70999"}],"curies":[{"name":"wp","href":"https:\/\/api.w.org\/{rel}","templated":true}]}}