{"id":71000,"date":"2019-12-22T17:06:59","date_gmt":"2019-12-22T22:06:59","guid":{"rendered":"https:\/\/linitiative.ca\/International\/prix-ajb-de-la-redevabilite-citoyenne-les-trois-laureats-sont-connus\/"},"modified":"2019-12-22T17:06:59","modified_gmt":"2019-12-22T22:06:59","slug":"prix-ajb-de-la-redevabilite-citoyenne-les-trois-laureats-sont-connus","status":"publish","type":"post","link":"https:\/\/linitiative.ca\/International\/prix-ajb-de-la-redevabilite-citoyenne-les-trois-laureats-sont-connus\/","title":{"rendered":"Prix AJB de la redevabilit\u00e9\u00a0citoyenne: les trois laur\u00e9ats sont connus"},"content":{"rendered":"<div class=\"td-post-featured-image\"><a href=\"https:\/\/i0.wp.com\/www.sidwaya.info\/wp-content\/uploads\/2019\/12\/ajbsid23.gif?fit=787%2C393&#038;ssl=1\" data-caption=\"\"><img loading=\"lazy\" decoding=\"async\" width=\"696\" height=\"348\" class=\"entry-thumb td-modal-image\" src=\"https:\/\/i0.wp.com\/www.sidwaya.info\/wp-content\/uploads\/2019\/12\/ajbsid23.gif?resize=696%2C348&#038;ssl=1\" alt=\"\" title=\"ajbsid23\"\/><\/a><\/div>\n<p><strong>L\u2019Association des journalistes du Burkina (AJB) a remis, le mardi 17 d\u00e9cembre 2019 \u00e0 Ouagadougou, des r\u00e9compenses aux laur\u00e9ats de la troisi\u00e8me \u00e9dition du prix de la redevabilit\u00e9 et du contr\u00f4le citoyen en journalisme.<\/strong><\/p>\n<p>Tiga Cheick Sawadogo du journal en ligne Lefaso.net, est laur\u00e9at dans la cat\u00e9gorie \u00ab\u00a0Education\u00a0\u00bb du prix de la redevabilit\u00e9 citoyenne institu\u00e9 par l\u2019Association des journalistes du Burkina (AJB). Selon le jury, le choix de son article intitul\u00e9, \u00ab\u00a0Education dans le Soum : le grand abandon de l\u2019\u00c9tat\u00a0\u00bb est d\u00fb au courage, la d\u00e9termination du journaliste et la qualit\u00e9 de r\u00e9daction. A la c\u00e9r\u00e9monie de remise, le mardi 17 d\u00e9cembre 2019, il a re\u00e7u, comme les deux autres laur\u00e9ats la somme de 750\u00a0000 FCFA. \u00ab J\u2019ai juste fait un article sur l\u2019histoire de ces enfants qui, depuis 2015 n\u2019arrivent plus \u00e0 aller \u00e0 l\u2019\u00e9cole. C\u2019est un hommage aux enfants de Pob\u00e9- Mengao, de Nassoumbou, Koutoukou dont l\u2019avenir est hypoth\u00e9qu\u00e9 face \u00e0 cette situation s\u00e9curitaire et qui n\u2019ont pas d\u2019avenir \u00bb, a-t-il laiss\u00e9 entendre. C\u2019est un sentiment de joie d\u2019avoir ce prix, a-t-il confi\u00e9 et de tristesse, du moment o\u00f9 il \u00e9voque une situation de la province du Soum qui est une localit\u00e9 o\u00f9 l\u2019ins\u00e9curit\u00e9 s\u00e9vit. Le prix de la cat\u00e9gorie \u00ab Sant\u00e9 \u00bb est attribu\u00e9 \u00e0 Gnanou Pinidi\u00e9 de la RTB2\/Dori pour son \u0153uvre \u00ab Abandon de l\u2019excision dans la province du Sanmatenga \u00bb. La cat\u00e9gorie \u00ab\u00a0\u00c9conomie\u00a0\u00bb, est attribu\u00e9 \u00e0 Omar Zombr\u00e9 de la RTB\/ T\u00e9l\u00e9, \u00e0 travers son reportage\u00a0: \u00ab Bienvenue dans le clair-obscur \u00bb. Ce concours, a indiqu\u00e9 le pr\u00e9sident de l\u2019AJB, Gu\u00e9zouma Sanogo, est une initiative qui encourage l\u2019excellence des professionnels de m\u00e9dias. Il s\u2019agit pour lui, de stimuler la production journalistique en mati\u00e8re de redevabilit\u00e9 et de contr\u00f4le citoyen par l\u2019information budg\u00e9taire dans les trois secteurs prioritaires que sont l\u2019\u00e9ducation, la sant\u00e9 et les infrastructures. \u00ab\u00a0Ce prix est une fa\u00e7on d\u2019encourager les journalistes \u00e0 \u00eatre plus regardant des politiques publiques de l\u2019Etat\u00a0\u00bb, a-t-il pr\u00e9cis\u00e9. En reconnaissent le r\u00f4le participatif de la presse \u00e0 l\u2019action gouvernementale, le ministre de la Communication, R\u00e9mis Fulgance Dandjinou, a salu\u00e9 l\u2019initiative de l\u2019AJB qui priment les productions journalistiques de qualit\u00e9. \u00ab Ce prix participe de la mise en \u0153uvre de certains objectifs du gouvernement \u00e0 travers l\u2019axe 1 du Plan national de d\u00e9veloppement \u00e9conomique et social, qui consiste \u00e0 r\u00e9former les institutions et \u00e0 moderniser l\u2019administration \u00bb, a-t-il indiqu\u00e9.<\/p>\n<div class=\"td-a-rec td-a-rec-id-content_inline tdi_30_5cf td_block_template_1\"><a href=\"https:\/\/www.sidwaya.info\/wp-content\/uploads\/2019\/12\/Bandeau-11-De%CC%81cembre-3.jpg\"><img loading=\"lazy\" decoding=\"async\" src=\"https:\/\/www.sidwaya.info\/wp-content\/uploads\/2019\/12\/Bandeau-11-De%CC%81cembre-3.jpg\" alt=\"\" width=\"720\" height=\"90\" class=\"aligncenter size-full wp-image-17180\"\/><\/a><\/div>\n<p>Achille ZIGANI<br \/>(Collaborateur)<\/p>\n<div class=\"td-a-rec td-a-rec-id-content_bottom tdi_31_505 td_block_template_1\"><img loading=\"lazy\" decoding=\"async\" class=\"aligncenter size-full wp-image-9623\" src=\"https:\/\/www.sidwaya.info\/wp-content\/uploads\/2019\/06\/Projet-bannie%CC%80re-Orange-mobile.jpg\" alt=\"\" width=\"728\" height=\"81\"\/><\/div>\n<p>Auteur: BM. Sidwaya<br \/>\n<a href=\"https:\/\/www.sidwaya.info\/blog\/2019\/12\/22\/prix-ajb-de-la-redevabilite-citoyenne-les-trois-laureats-sont-connus\/\">Cliquez ici pour lire l&rsquo;article depuis sa source.<\/a><\/p>\n","protected":false},"excerpt":{"rendered":"<p>L\u2019Association des journalistes du Burkina (AJB) a remis, le mardi 17 d\u00e9cembre 2019 \u00e0 Ouagadougou, des r\u00e9compenses aux laur\u00e9ats de la troisi\u00e8me \u00e9dition du prix de la redevabilit\u00e9 et du contr\u00f4le citoyen en journalisme. Tiga Cheick Sawadogo du journal en ligne Lefaso.net, est laur\u00e9at dans la cat\u00e9gorie \u00ab\u00a0Education\u00a0\u00bb du prix de la redevabilit\u00e9 citoyenne institu\u00e9 [&hellip;]<\/p>\n","protected":false},"author":1816,"featured_media":0,"comment_status":"closed","ping_status":"closed","sticky":false,"template":"","format":"standard","meta":{"fifu_image_url":"","fifu_image_alt":"","footnotes":""},"categories":[73,81],"tags":[],"class_list":["post-71000","post","type-post","status-publish","format-standard","hentry","category-actualite","category-burkina-faso"],"_links":{"self":[{"href":"https:\/\/linitiative.ca\/International\/wp-json\/wp\/v2\/posts\/71000","targetHints":{"allow":["GET"]}}],"collection":[{"href":"https:\/\/linitiative.ca\/International\/wp-json\/wp\/v2\/posts"}],"about":[{"href":"https:\/\/linitiative.ca\/International\/wp-json\/wp\/v2\/types\/post"}],"author":[{"embeddable":true,"href":"https:\/\/linitiative.ca\/International\/wp-json\/wp\/v2\/users\/1816"}],"replies":[{"embeddable":true,"href":"https:\/\/linitiative.ca\/International\/wp-json\/wp\/v2\/comments?post=71000"}],"version-history":[{"count":0,"href":"https:\/\/linitiative.ca\/International\/wp-json\/wp\/v2\/posts\/71000\/revisions"}],"wp:attachment":[{"href":"https:\/\/linitiative.ca\/International\/wp-json\/wp\/v2\/media?parent=71000"}],"wp:term":[{"taxonomy":"category","embeddable":true,"href":"https:\/\/linitiative.ca\/International\/wp-json\/wp\/v2\/categories?post=71000"},{"taxonomy":"post_tag","embeddable":true,"href":"https:\/\/linitiative.ca\/International\/wp-json\/wp\/v2\/tags?post=71000"}],"curies":[{"name":"wp","href":"https:\/\/api.w.org\/{rel}","templated":true}]}}