{"id":71001,"date":"2019-12-22T17:12:05","date_gmt":"2019-12-22T22:12:05","guid":{"rendered":"https:\/\/linitiative.ca\/International\/developpement-de-la-filiere-cajou\/"},"modified":"2019-12-22T17:12:05","modified_gmt":"2019-12-22T22:12:05","slug":"developpement-de-la-filiere-cajou","status":"publish","type":"post","link":"https:\/\/linitiative.ca\/International\/developpement-de-la-filiere-cajou\/","title":{"rendered":"D\u00e9veloppement de la fili\u00e8re cajou"},"content":{"rendered":"<div class=\"td-post-featured-image\"><a href=\"https:\/\/i1.wp.com\/www.sidwaya.info\/wp-content\/uploads\/2019\/12\/caju23.gif?fit=787%2C518&#038;ssl=1\" data-caption=\"\"><img loading=\"lazy\" decoding=\"async\" width=\"696\" height=\"458\" class=\"entry-thumb td-modal-image\" src=\"https:\/\/i1.wp.com\/www.sidwaya.info\/wp-content\/uploads\/2019\/12\/caju23.gif?resize=696%2C458&#038;ssl=1\" alt=\"\" title=\"caju23\"\/><\/a><\/div>\n<p><strong>Le Premier ministre, Christophe Joseph Marie Dabir\u00e9, a re\u00e7u en audience, le vendredi 20 d\u00e9cembre 2019 \u00e0 Ouagadougou, les ministres en charge du commerce et de l\u2019industrie des pays membres du Conseil international consultatif du cajou (CICC).<\/strong><\/p>\n<p>Le d\u00e9veloppement de la fili\u00e8re cajou pr\u00e9occupe le Premier ministre, Christophe Joseph Marie Dabir\u00e9. En effet, il a re\u00e7u en audience, le vendredi 20 d\u00e9cembre 2019 \u00e0 Ouagadougou, les ministres des pays membres du Conseil international consultatif du cajou (CICC) pour discuter du d\u00e9veloppement de cette fili\u00e8re, au terme de la 3e session de leur conseil des ministres. Selon le ministre burkinab\u00e8 du Commerce, de l\u2019Industrie et de l\u2019Artisanat du Burkina, Harouna Kabor\u00e9, la d\u00e9l\u00e9gation a fait au chef du gouvernement, le point des travaux.<br \/>La ministre du Commerce et de l\u2019Industrie du B\u00e9nin, Alimatou Shadiya Assouman a, pour sa part, indiqu\u00e9 que le Premier ministre a insist\u00e9 sur l\u2019importance du \u00ab restons-ensemble \u00bb pour d\u00e9velopper leur pays. \u00ab Le chef du gouvernement a aussi insist\u00e9 sur la prise en compte de la fili\u00e8re anacarde qui repr\u00e9sente aujourd\u2019hui un produit important dans l\u2019importation de nos pays \u00bb, a soulign\u00e9 Alimatou Shadiya Assouman. A l\u2019en croire, des d\u00e9cisions importantes ont \u00e9t\u00e9 prises lors du conseil des ministres du CICC. Il s\u2019agit, entre autres, de la confirmation du si\u00e8ge du CICC en C\u00f4te d\u2019Ivoire avec la nomination d\u2019un secr\u00e9taire ex\u00e9cutif, du passage de t\u00e9moin de la pr\u00e9sidence du CICC du B\u00e9nin au Burkina Faso en la personne du ministre Kabor\u00e9.<br \/>Le CICC, qui compte aujourd\u2019hui 11 pays membres, traite des questions li\u00e9es au d\u00e9veloppement de la fili\u00e8re cajou. \u00ab Nous avons d\u00e9cid\u00e9 de f\u00e9d\u00e9rer nos actions pour am\u00e9liorer la production, la transformation et la commercialisation de cette fili\u00e8re \u00bb, a soutenu M. Kabor\u00e9.<\/p>\n<div class=\"td-a-rec td-a-rec-id-content_inline tdi_30_ff5 td_block_template_1\"><a href=\"https:\/\/www.sidwaya.info\/wp-content\/uploads\/2019\/12\/Bandeau-11-De%CC%81cembre-3.jpg\"><img loading=\"lazy\" decoding=\"async\" src=\"https:\/\/www.sidwaya.info\/wp-content\/uploads\/2019\/12\/Bandeau-11-De%CC%81cembre-3.jpg\" alt=\"\" width=\"720\" height=\"90\" class=\"aligncenter size-full wp-image-17180\"\/><\/a><\/div>\n<p>Lassina BADOLO<\/p>\n<div class=\"td-a-rec td-a-rec-id-content_bottom tdi_31_9d3 td_block_template_1\"><img loading=\"lazy\" decoding=\"async\" class=\"aligncenter size-full wp-image-9623\" src=\"https:\/\/www.sidwaya.info\/wp-content\/uploads\/2019\/06\/Projet-bannie%CC%80re-Orange-mobile.jpg\" alt=\"\" width=\"728\" height=\"81\"\/><\/div>\n<p>Auteur: BM. Sidwaya<br \/>\n<a href=\"https:\/\/www.sidwaya.info\/blog\/2019\/12\/22\/developpement-de-la-filiere-cajou\/\">Cliquez ici pour lire l&rsquo;article depuis sa source.<\/a><\/p>\n","protected":false},"excerpt":{"rendered":"<p>Le Premier ministre, Christophe Joseph Marie Dabir\u00e9, a re\u00e7u en audience, le vendredi 20 d\u00e9cembre 2019 \u00e0 Ouagadougou, les ministres en charge du commerce et de l\u2019industrie des pays membres du Conseil international consultatif du cajou (CICC). Le d\u00e9veloppement de la fili\u00e8re cajou pr\u00e9occupe le Premier ministre, Christophe Joseph Marie Dabir\u00e9. En effet, il a [&hellip;]<\/p>\n","protected":false},"author":1816,"featured_media":0,"comment_status":"closed","ping_status":"closed","sticky":false,"template":"","format":"standard","meta":{"fifu_image_url":"","fifu_image_alt":"","footnotes":""},"categories":[73,81],"tags":[],"class_list":["post-71001","post","type-post","status-publish","format-standard","hentry","category-actualite","category-burkina-faso"],"_links":{"self":[{"href":"https:\/\/linitiative.ca\/International\/wp-json\/wp\/v2\/posts\/71001","targetHints":{"allow":["GET"]}}],"collection":[{"href":"https:\/\/linitiative.ca\/International\/wp-json\/wp\/v2\/posts"}],"about":[{"href":"https:\/\/linitiative.ca\/International\/wp-json\/wp\/v2\/types\/post"}],"author":[{"embeddable":true,"href":"https:\/\/linitiative.ca\/International\/wp-json\/wp\/v2\/users\/1816"}],"replies":[{"embeddable":true,"href":"https:\/\/linitiative.ca\/International\/wp-json\/wp\/v2\/comments?post=71001"}],"version-history":[{"count":0,"href":"https:\/\/linitiative.ca\/International\/wp-json\/wp\/v2\/posts\/71001\/revisions"}],"wp:attachment":[{"href":"https:\/\/linitiative.ca\/International\/wp-json\/wp\/v2\/media?parent=71001"}],"wp:term":[{"taxonomy":"category","embeddable":true,"href":"https:\/\/linitiative.ca\/International\/wp-json\/wp\/v2\/categories?post=71001"},{"taxonomy":"post_tag","embeddable":true,"href":"https:\/\/linitiative.ca\/International\/wp-json\/wp\/v2\/tags?post=71001"}],"curies":[{"name":"wp","href":"https:\/\/api.w.org\/{rel}","templated":true}]}}