{"id":71002,"date":"2019-12-22T17:15:10","date_gmt":"2019-12-22T22:15:10","guid":{"rendered":"https:\/\/linitiative.ca\/International\/le-requiem-du-cfa\/"},"modified":"2019-12-22T17:15:10","modified_gmt":"2019-12-22T22:15:10","slug":"le-requiem-du-cfa","status":"publish","type":"post","link":"https:\/\/linitiative.ca\/International\/le-requiem-du-cfa\/","title":{"rendered":"Le requiem du CFA ?"},"content":{"rendered":"<div class=\"td-post-featured-image\"><a href=\"https:\/\/i1.wp.com\/www.sidwaya.info\/wp-content\/uploads\/2019\/12\/edito23.gif?fit=451%2C676&#038;ssl=1\" data-caption=\"\"><img loading=\"lazy\" decoding=\"async\" width=\"451\" height=\"676\" class=\"entry-thumb td-modal-image\" src=\"https:\/\/i1.wp.com\/www.sidwaya.info\/wp-content\/uploads\/2019\/12\/edito23.gif?resize=451%2C676&#038;ssl=1\" alt=\"\" title=\"edito23\"\/><\/a><\/div>\n<p>A cinq jours pr\u00e8s, le franc CFA, n\u00e9 le 26 d\u00e9cembre 1945 en France, aurait c\u00e9l\u00e9br\u00e9 son 74e anniversaire. Mais ce 21 d\u00e9cembre 2019, le requiem d\u2019une monnaie, longtemps consid\u00e9r\u00e9e comme \u00ab vecteur de s\u00e9curit\u00e9 avec une garantie de parit\u00e9\u00bb, a \u00e9t\u00e9 fait, dans un contexte o\u00f9 les populations surtout jeunes r\u00e9clamaient \u00e0 cor et \u00e0 cri sa fin. Ce n\u2019est pas encore le d\u00e9crochage pur et simple pr\u00f4n\u00e9 par certains irr\u00e9ductibles, mais Abidjan devient le point de d\u00e9part de nouvelles r\u00e9formes dites<br \/>\u00ab courageuses \u00bb vers une libert\u00e9 mon\u00e9taire, gage d\u2019une vraie ind\u00e9pendance pour les huit pays d\u2019Afrique de l\u2019Ouest ayant en partage le F CFA. C\u2019est certainement un autre challenge pour les dirigeants et les populations. La fin de cette monnaie annonc\u00e9e par Alassane Ouattara, pr\u00e9sident en exercice de l\u2019Union \u00e9conomique et mon\u00e9taire ouest-africaine (UEMOA), \u00e9tait pressentie. \u00ab Nous avons d\u00e9cid\u00e9 une r\u00e9forme du franc CFA avec trois changements majeurs (\u2026) dont le changement de nom et l\u2019arr\u00eat de la centralisation de 50 % des r\u00e9serves au Tr\u00e9sor fran\u00e7ais \u00e0 partir de juillet 2020 \u00bb, a-t-il d\u00e9clar\u00e9. A Ouagadougou, lors de son premier voyage en Afrique, le pr\u00e9sident Macron avait \u00e9t\u00e9 on ne peut plus explicite, en d\u00e9clarant que \u00ab si les Africains font le pas vers la fin du CFA, la France ne pourra qu\u2019ent\u00e9riner \u00bb.<br \/>En revanche, la petite phrase sibylline de M. Macron a de quoi temp\u00e9rer les ardeurs de plus d\u2019un souverainistes mon\u00e9taires : \u00ab La France garde un r\u00f4le de garant en cas de crise. Si jamais les pays de la zone Eco n\u2019ont plus de quoi payer leurs importations, la France le fera. Reste que si l\u2019on en arrive \u00e0 l\u00e0, Paris se r\u00e9serve le droit de revenir dans une instance de d\u00e9cision, en l\u2019occurrence le Conseil de politique mon\u00e9taire \u00bb. En acc\u00e9dant \u00e0 cette volont\u00e9 de passer du CFA \u00e0 l\u2019Eco, avec les m\u00eames aspects de convertibilit\u00e9 avec l\u2019Euro, Macron, en fin tacticien, entend contrecarrer le suppos\u00e9 sentiment anti fran\u00e7ais. En attendant la clarification de cette politique mon\u00e9taire, c\u2019est une nouvelle \u00e8re qui s\u2019annonce pour les huit pays de l\u2019UEMOA, quitte \u00e0 ce que la zone CEDEAO \u00e9pouse cette d\u00e9marche. Etant conscient que les ex-colonies r\u00e9clament une souverainet\u00e9 mon\u00e9taire, Macron a vite fait de c\u00e9der \u00e0 un pan des revendications. On serait tent\u00e9 de dire que le pr\u00e9sident fran\u00e7ais a voulu s\u2019offrir un bol d\u2019air, surtout qu\u2019il est confront\u00e9 \u00e0 une fronde sociale dans son pays. Fondamentalement, la tendance et la r\u00e9alit\u00e9 du terrain semblent \u00eatre au renforcement de la coop\u00e9ration entre la France et l\u2019Afrique, surtout dans le volet s\u00e9curitaire. Le Sahel a besoin de la solidarit\u00e9 internationale et d\u2019un appui cons\u00e9quent de ses partenaires. Toutefois, cet appui doit s\u2019op\u00e9rer dans un cadre coh\u00e9rent, pour \u00e9viter le manque de coordination des initiatives.<\/p>\n<p>Par Mahamadi TIEGNA<\/p>\n<div class=\"td-a-rec td-a-rec-id-content_inline tdi_30_5ff td_block_template_1\"><a href=\"https:\/\/www.sidwaya.info\/wp-content\/uploads\/2019\/12\/Bandeau-11-De%CC%81cembre-3.jpg\"><img loading=\"lazy\" decoding=\"async\" src=\"https:\/\/www.sidwaya.info\/wp-content\/uploads\/2019\/12\/Bandeau-11-De%CC%81cembre-3.jpg\" alt=\"\" width=\"720\" height=\"90\" class=\"aligncenter size-full wp-image-17180\"\/><\/a><\/div>\n<div class=\"td-a-rec td-a-rec-id-content_bottom tdi_31_3f7 td_block_template_1\"><img loading=\"lazy\" decoding=\"async\" class=\"aligncenter size-full wp-image-9623\" src=\"https:\/\/www.sidwaya.info\/wp-content\/uploads\/2019\/06\/Projet-bannie%CC%80re-Orange-mobile.jpg\" alt=\"\" width=\"728\" height=\"81\"\/><\/div>\n<p>Auteur: BM. Sidwaya<br \/>\n<a href=\"https:\/\/www.sidwaya.info\/blog\/2019\/12\/22\/le-requiem-du-cfa\/\">Cliquez ici pour lire l&rsquo;article depuis sa source.<\/a><\/p>\n","protected":false},"excerpt":{"rendered":"<p>A cinq jours pr\u00e8s, le franc CFA, n\u00e9 le 26 d\u00e9cembre 1945 en France, aurait c\u00e9l\u00e9br\u00e9 son 74e anniversaire. Mais ce 21 d\u00e9cembre 2019, le requiem d\u2019une monnaie, longtemps consid\u00e9r\u00e9e comme \u00ab vecteur de s\u00e9curit\u00e9 avec une garantie de parit\u00e9\u00bb, a \u00e9t\u00e9 fait, dans un contexte o\u00f9 les populations surtout jeunes r\u00e9clamaient \u00e0 cor et [&hellip;]<\/p>\n","protected":false},"author":1816,"featured_media":0,"comment_status":"closed","ping_status":"closed","sticky":false,"template":"","format":"standard","meta":{"fifu_image_url":"","fifu_image_alt":"","footnotes":""},"categories":[73,81],"tags":[],"class_list":["post-71002","post","type-post","status-publish","format-standard","hentry","category-actualite","category-burkina-faso"],"_links":{"self":[{"href":"https:\/\/linitiative.ca\/International\/wp-json\/wp\/v2\/posts\/71002","targetHints":{"allow":["GET"]}}],"collection":[{"href":"https:\/\/linitiative.ca\/International\/wp-json\/wp\/v2\/posts"}],"about":[{"href":"https:\/\/linitiative.ca\/International\/wp-json\/wp\/v2\/types\/post"}],"author":[{"embeddable":true,"href":"https:\/\/linitiative.ca\/International\/wp-json\/wp\/v2\/users\/1816"}],"replies":[{"embeddable":true,"href":"https:\/\/linitiative.ca\/International\/wp-json\/wp\/v2\/comments?post=71002"}],"version-history":[{"count":0,"href":"https:\/\/linitiative.ca\/International\/wp-json\/wp\/v2\/posts\/71002\/revisions"}],"wp:attachment":[{"href":"https:\/\/linitiative.ca\/International\/wp-json\/wp\/v2\/media?parent=71002"}],"wp:term":[{"taxonomy":"category","embeddable":true,"href":"https:\/\/linitiative.ca\/International\/wp-json\/wp\/v2\/categories?post=71002"},{"taxonomy":"post_tag","embeddable":true,"href":"https:\/\/linitiative.ca\/International\/wp-json\/wp\/v2\/tags?post=71002"}],"curies":[{"name":"wp","href":"https:\/\/api.w.org\/{rel}","templated":true}]}}