{"id":71004,"date":"2019-12-22T14:50:02","date_gmt":"2019-12-22T19:50:02","guid":{"rendered":"https:\/\/linitiative.ca\/International\/le-chef-de-la-diplomatie-grecque-chez-haftar-et-au-caire-contre-laccord-tripoli-ankara\/"},"modified":"2019-12-22T14:50:02","modified_gmt":"2019-12-22T19:50:02","slug":"le-chef-de-la-diplomatie-grecque-chez-haftar-et-au-caire-contre-laccord-tripoli-ankara","status":"publish","type":"post","link":"https:\/\/linitiative.ca\/International\/le-chef-de-la-diplomatie-grecque-chez-haftar-et-au-caire-contre-laccord-tripoli-ankara\/","title":{"rendered":"Le chef de la diplomatie grecque chez Haftar et au Caire, contre l\u2019accord Tripoli-Ankara"},"content":{"rendered":"<div readability=\"32\">\n<p>Publi\u00e9 le 22.12.2019 \u00e0 20h50 par AFP<\/p>\n<\/div>\n<div readability=\"157\">\n<p>Le chef de la diplomatie grecque Nikos Dendias a effectu\u00e9 dimanche un p\u00e9riple \u00e9clair en M\u00e9diterran\u00e9e sur fond de tensions cr\u00e9\u00e9es par la signature d\u2019un accord maritime entre la Turquie et le gouvernement de Tripoli.<\/p>\n<p>Il s\u2019est notamment rendu \u00e0 Benghazi, dans l\u2019est de la Libye, o\u00f9 il a rencontr\u00e9 le mar\u00e9chal Khalifa Haftar, puis au Caire et \u00e0 Chypre.<\/p>\n<p>Parall\u00e8lement, Ath\u00e8nes a annonc\u00e9 que l\u2019accord sur le gazoduc EastMed serait sign\u00e9 avec Chypre et Isra\u00ebl le 2 janvier.<\/p>\n<p>Le p\u00e9riple de M. Dendias et cette annonce soudaine interviennent alors que le gouvernement libyen d\u2019union (GNA), bas\u00e9 \u00e0 Tripoli (ouest) et reconnu par l\u2019ONU, a sign\u00e9 fin novembre deux accords controvers\u00e9s avec Ankara: l\u2019un porte sur la coop\u00e9ration militaire que la Turquie pourrait apporter au GNA, et l\u2019autre sur la d\u00e9limitation maritime entre les deux pays.<\/p>\n<p>Ce dernier accord a \u00e9t\u00e9 condamn\u00e9 par Ath\u00e8nes qui y voit une \u00ab\u00a0violation du droit maritime international et des droits souverains de la Gr\u00e8ce et d\u2019autres pays\u00a0\u00bb, dont Chypre et l\u2019Egypte.<\/p>\n<p>Dans ce contexte, M. Dendias s\u2019est rendu dimanche au quartier g\u00e9n\u00e9ral du mar\u00e9chal Haftar, l\u2019homme fort de l\u2019est libyen, avec lequel il a \u00e9voqu\u00e9 ces deux accords \u00ab\u00a0d\u00e9nu\u00e9s de fondement\u00a0\u00bb, et contraires au droit international, selon un communiqu\u00e9 du minist\u00e8re grec des Affaires \u00e9trang\u00e8res.<\/p>\n<p>Il s\u2019\u00e9tait entretenu pr\u00e9alablement \u00e0 l\u2019a\u00e9roport de Benghazi avec deux responsables des autorit\u00e9s parall\u00e8les de l\u2019est de la Libye, un pouvoir rival de celui du GNA: le chef de ce gouvernement, Abdallah Al-Thini, et son ministre des Affaires \u00e9trang\u00e8res, Abdulhadi Al-Houeij.<\/p>\n<p>\u2013 \u00ab\u00a0Seule perdante\u00a0\u00bb \u2013<\/p>\n<p>Ce gouvernement bas\u00e9 dans l\u2019est libyen ne reconnait pas la l\u00e9gitimit\u00e9 du GNA de Fayez al-Sarraj, qui fait face depuis avril \u00e0 une offensive du mar\u00e9chal Haftar sur la capitale libyenne Tripoli.<\/p>\n<p>Apr\u00e8s ces premi\u00e8res discussions, M. Dendias a red\u00e9coll\u00e9 pour l\u2019Egypte o\u00f9 il s\u2019est entretenu avec son homologue \u00e9gyptien, Sameh Choukri, d\u2019apr\u00e8s un responsable de l\u2019a\u00e9roport du Caire.<\/p>\n<p>M. Dendias a ensuite rencontr\u00e9 en soir\u00e9e son homologue chypriote Nikos Christodoulidis, \u00e0 Larnaca (Chypre), ont indiqu\u00e9 les autorit\u00e9s chypriotes.<\/p>\n<p>L\u2019accord sign\u00e9 entre Tripoli et Ankara permet \u00e0 la Turquie d\u2019\u00e9tendre ses fronti\u00e8res maritimes dans une zone de M\u00e9diterran\u00e9e orientale o\u00f9 d\u2019importants gisements d\u2019hydrocarbures ont \u00e9t\u00e9 d\u00e9couverts ces derni\u00e8res ann\u00e9es autour de Chypre.<\/p>\n<p>Mais la Gr\u00e8ce a appel\u00e9 le 10 d\u00e9cembre l\u2019ONU \u00e0 condamner cet accord, qu\u2019elle a qualifi\u00e9 de \u00ab\u00a0perturbateur\u00a0\u00bb pour la paix et la stabilit\u00e9 dans la r\u00e9gion.<\/p>\n<p>Dans une interview dimanche \u00e0 l\u2019hebdomadaire grec Real News, M. Dendias a cependant \u00e9cart\u00e9 que \u00ab\u00a0la Turquie agisse de mani\u00e8re imprudente (\u2026) car elle sera la seule perdante\u00a0\u00bb, selon lui.<\/p>\n<p>Il a \u00e9galement not\u00e9 que la Gr\u00e8ce est en n\u00e9gociations avec des pays voisins, comme l\u2019Egypte et l\u2019Italie, pour d\u00e9limiter \u00e9galement les zones maritimes.<\/p>\n<p>\u00ab\u00a0La Gr\u00e8ce n\u2019h\u00e9sitera pas \u00e0 d\u00e9fendre ses droits et int\u00e9r\u00eats souverains de quelque mani\u00e8re que ce soit, toujours dans le cadre de ses obligations constitutionnelles et du droit international\u00a0\u00bb, a-t-il poursuivi.<\/p>\n<p>\u2013 \u00ab\u00a0Provocations\u00a0\u00bb \u2013<\/p>\n<p>La d\u00e9termination d\u2019Ath\u00e8nes s\u2019est illustr\u00e9e \u00e9galement avec l\u2019annonce de la signature dans moins de deux semaines de l\u2019accord sur EastMed. Le Premier ministre isra\u00e9lien Benjamin Netanyahu et le pr\u00e9sident chypriote, Nikos Anastasiades doivent y participer. L\u2019Italie est \u00e9galement partie prenante.<\/p>\n<p>\u00ab\u00a0Il est tr\u00e8s important que les pays de cette zone montrent, dans un d\u00e9lai aussi court, qu\u2019ils ont des r\u00e9flexes devant les provocations de la Turquie\u00a0\u00bb, a comment\u00e9 dimanche le porte-parole du gouvernement grec, Stelios Petsas.<\/p>\n<p>Ce gazoduc de 2.000 km sera capable d\u2019acheminer vers la Gr\u00e8ce entre 9 et 11 milliards de m3 de gaz par an depuis les r\u00e9serves offshores du bassin levantin, au large de Chypre et d\u2019Isra\u00ebl, et vers l\u2019Italie et d\u2019autres pays du sud-est de l\u2019Europe gr\u00e2ce aux gazoducs Pose\u00efdon et IGB.<\/p>\n<p>Ce projet devrait faire des trois pays un maillon important de la cha\u00eene d\u2019approvisionnement \u00e9nerg\u00e9tique de l\u2019Europe et bloquer les tentatives de la Turquie pour \u00e9tendre son contr\u00f4le sur la M\u00e9diterran\u00e9e orientale.<\/p>\n<p>L\u2019accord de coop\u00e9ration militaire conclu entre Ankara et le GNA, qui fait figure de pendant de l\u2019accord de d\u00e9limitation maritime, ouvre par ailleurs la voie \u00e0 une implication militaire turque accrue en Libye.<\/p>\n<p>Les forces du mar\u00e9chal Haftar accusent d\u00e9j\u00e0 Ankara de fournir des armes et des conseillers militaires \u00e0 leurs rivales du GNA. En juin, elles avaient menac\u00e9 de s\u2019en prendre aux int\u00e9r\u00eats turcs en Libye.<\/p>\n<p>Samedi soir, les forces pro-Haftar ont annonc\u00e9 avoir saisi un cargo turc battant pavillon de la Grenade au large de l\u2019est de la Libye, pour proc\u00e9der \u00e0 sa fouille.<\/p>\n<p>bur-mon-kan-ila\/od\/on<\/p>\n<\/div>\n<p>Auteur: AFP<br \/>\n<a href=\"https:\/\/www.journalducameroun.com\/le-chef-de-la-diplomatie-grecque-chez-haftar-et-au-caire-contre-laccord-tripoli-ankara\/\">Cliquez ici pour lire l&rsquo;article depuis sa source.<\/a><\/p>\n","protected":false},"excerpt":{"rendered":"<p>Publi\u00e9 le 22.12.2019 \u00e0 20h50 par AFP Le chef de la diplomatie grecque Nikos Dendias a effectu\u00e9 dimanche un p\u00e9riple \u00e9clair en M\u00e9diterran\u00e9e sur fond de tensions cr\u00e9\u00e9es par la signature d\u2019un accord maritime entre la Turquie et le gouvernement de Tripoli. Il s\u2019est notamment rendu \u00e0 Benghazi, dans l\u2019est de la Libye, o\u00f9 il [&hellip;]<\/p>\n","protected":false},"author":1965,"featured_media":0,"comment_status":"closed","ping_status":"closed","sticky":false,"template":"","format":"standard","meta":{"fifu_image_url":"","fifu_image_alt":"","footnotes":""},"categories":[73,82],"tags":[],"class_list":["post-71004","post","type-post","status-publish","format-standard","hentry","category-actualite","category-cameroun"],"_links":{"self":[{"href":"https:\/\/linitiative.ca\/International\/wp-json\/wp\/v2\/posts\/71004","targetHints":{"allow":["GET"]}}],"collection":[{"href":"https:\/\/linitiative.ca\/International\/wp-json\/wp\/v2\/posts"}],"about":[{"href":"https:\/\/linitiative.ca\/International\/wp-json\/wp\/v2\/types\/post"}],"author":[{"embeddable":true,"href":"https:\/\/linitiative.ca\/International\/wp-json\/wp\/v2\/users\/1965"}],"replies":[{"embeddable":true,"href":"https:\/\/linitiative.ca\/International\/wp-json\/wp\/v2\/comments?post=71004"}],"version-history":[{"count":0,"href":"https:\/\/linitiative.ca\/International\/wp-json\/wp\/v2\/posts\/71004\/revisions"}],"wp:attachment":[{"href":"https:\/\/linitiative.ca\/International\/wp-json\/wp\/v2\/media?parent=71004"}],"wp:term":[{"taxonomy":"category","embeddable":true,"href":"https:\/\/linitiative.ca\/International\/wp-json\/wp\/v2\/categories?post=71004"},{"taxonomy":"post_tag","embeddable":true,"href":"https:\/\/linitiative.ca\/International\/wp-json\/wp\/v2\/tags?post=71004"}],"curies":[{"name":"wp","href":"https:\/\/api.w.org\/{rel}","templated":true}]}}