{"id":71005,"date":"2019-12-22T15:50:02","date_gmt":"2019-12-22T20:50:02","guid":{"rendered":"https:\/\/linitiative.ca\/International\/inde-modi-assure-que-les-musulmans-nes-en-inde-nont-pas-a-sinquieter\/"},"modified":"2019-12-22T15:50:02","modified_gmt":"2019-12-22T20:50:02","slug":"inde-modi-assure-que-les-musulmans-nes-en-inde-nont-pas-a-sinquieter","status":"publish","type":"post","link":"https:\/\/linitiative.ca\/International\/inde-modi-assure-que-les-musulmans-nes-en-inde-nont-pas-a-sinquieter\/","title":{"rendered":"Inde : Modi assure que les musulmans n\u00e9s en Inde \u00ab\u00a0n\u2019ont pas \u00e0 s\u2019inqui\u00e9ter\u00a0\u00bb"},"content":{"rendered":"<div readability=\"32\">\n<p>Publi\u00e9 le 22.12.2019 \u00e0 21h50 par AFP<\/p>\n<\/div>\n<div readability=\"94\">\n<p>Le Premier ministre indien Narendra Modi a tent\u00e9 dimanche de rassurer les musulmans indiens face \u00e0 l\u2019inqui\u00e9tude provoqu\u00e9e par sa nouvelle loi sur la citoyennet\u00e9, qui a entra\u00een\u00e9 des manifestations ayant fait au moins 25 morts et mis son gouvernement nationaliste hindou sous pression.<\/p>\n<p>\u00ab\u00a0Les musulmans qui sont les fils du sol indien et dont les anc\u00eatres sont les enfants de notre m\u00e8re patrie n\u2019ont pas \u00e0 s\u2019inqui\u00e9ter\u00a0\u00bb, a lanc\u00e9 M. Modi au cours d\u2019un meeting \u00e0 New Delhi, alors que les manifestations se poursuivaient dans plusieurs villes dimanche.<\/p>\n<p>Celles-ci ont d\u00e9but\u00e9 il y a dix jours contre la loi sur la citoyennet\u00e9, jug\u00e9e comme discriminatoire \u00e0 l\u2019\u00e9gard des musulmans.<\/p>\n<p>Vot\u00e9e le 11 d\u00e9cembre par le parlement indien, elle facilite l\u2019obtention de la citoyennet\u00e9 indienne par les r\u00e9fugi\u00e9s d\u2019Afghanistan, du Bangladesh et du Pakistan, \u00e0 l\u2019exception des musulmans.<\/p>\n<p>M. Modi a accus\u00e9 le principal parti d\u2019opposition indien, le parti du Congr\u00e8s, d\u2019indulgence vis-\u00e0-vis des violences et de \u00ab\u00a0r\u00e9pandre des rumeurs selon lesquelles tous les musulmans seront envoy\u00e9s dans des camps de d\u00e9tention\u00a0\u00bb. \u00ab\u00a0Toutes ces histoires \u00e0 propos de camps de d\u00e9tention sont des mensonges, des mensonges, et des mensonges !\u00a0\u00bb, s\u2019est-il exclam\u00e9.<\/p>\n<p>Toutefois, on recense pas moins de six de ces camps rassemblant plus de 1.000 migrants ill\u00e9gaux pr\u00e9sum\u00e9s dans le seul Etat d\u2019Assam, dans le nord-est, o\u00f9 11 autres doivent \u00eatre install\u00e9s, tandis que deux doivent voir le jour pr\u00e8s des villes de Bombay et de Bangalore.<\/p>\n<p>Le vice-ministre de l\u2019Int\u00e9rieur a pour sa part reconnu devant le parlement que 28 personnes \u00e9taient mortes dans de tels camps de d\u00e9tention ces derni\u00e8res ann\u00e9es.<\/p>\n<p>Narendra Modi a par ailleurs assur\u00e9 qu\u2019il n\u2019\u00e9tait pas question de mettre en place \u00e0 l\u2019\u00e9chelle de l\u2019Inde un \u00ab\u00a0registre des citoyens\u00a0\u00bb, dont beaucoup de musulmans du pays craignent que ce ne soit une mesure qui pour l\u2019essentiel les viserait.<\/p>\n<p>Bien qu\u2019elle ne concerne pas directement les Indiens de confession musulmane -14% de la population, soit environ 200 millions des 1,3 milliard d\u2019habitants-, la nouvelle loi sur la citoyennet\u00e9 a cristallis\u00e9 les peurs et la col\u00e8re de cette communaut\u00e9. Et d\u00e9clench\u00e9 l\u2019un des plus vastes mouvements de contestation de ces derni\u00e8res ann\u00e9es en Inde.<\/p>\n<p>Les manifestations ont \u00e9t\u00e9 en majorit\u00e9 pacifiques mais certaines ont d\u00e9g\u00e9n\u00e9r\u00e9, les contestataires jetant des pierres et br\u00fblant des voitures. L\u2019opposition a d\u00e9nonc\u00e9 \u00ab\u00a0une r\u00e9pression brutale\u00a0\u00bb des forces de l\u2019ordre. Quelque 25 personnes sont mortes au cours des derniers jours, notamment dans l\u2019Uttar Pradesh (nord), l\u2019Etat le plus peupl\u00e9 de l\u2019Inde (200 millions d\u2019habitants dont 20% de musulmans).<\/p>\n<\/div>\n<p>Auteur: AFP<br \/>\n<a href=\"https:\/\/www.journalducameroun.com\/inde-modi-assure-que-les-musulmans-nes-en-inde-nont-pas-a-sinquieter\/\">Cliquez ici pour lire l&rsquo;article depuis sa source.<\/a><\/p>\n","protected":false},"excerpt":{"rendered":"<p>Publi\u00e9 le 22.12.2019 \u00e0 21h50 par AFP Le Premier ministre indien Narendra Modi a tent\u00e9 dimanche de rassurer les musulmans indiens face \u00e0 l\u2019inqui\u00e9tude provoqu\u00e9e par sa nouvelle loi sur la citoyennet\u00e9, qui a entra\u00een\u00e9 des manifestations ayant fait au moins 25 morts et mis son gouvernement nationaliste hindou sous pression. \u00ab\u00a0Les musulmans qui sont [&hellip;]<\/p>\n","protected":false},"author":1965,"featured_media":0,"comment_status":"closed","ping_status":"closed","sticky":false,"template":"","format":"standard","meta":{"fifu_image_url":"","fifu_image_alt":"","footnotes":""},"categories":[73,82],"tags":[],"class_list":["post-71005","post","type-post","status-publish","format-standard","hentry","category-actualite","category-cameroun"],"_links":{"self":[{"href":"https:\/\/linitiative.ca\/International\/wp-json\/wp\/v2\/posts\/71005","targetHints":{"allow":["GET"]}}],"collection":[{"href":"https:\/\/linitiative.ca\/International\/wp-json\/wp\/v2\/posts"}],"about":[{"href":"https:\/\/linitiative.ca\/International\/wp-json\/wp\/v2\/types\/post"}],"author":[{"embeddable":true,"href":"https:\/\/linitiative.ca\/International\/wp-json\/wp\/v2\/users\/1965"}],"replies":[{"embeddable":true,"href":"https:\/\/linitiative.ca\/International\/wp-json\/wp\/v2\/comments?post=71005"}],"version-history":[{"count":0,"href":"https:\/\/linitiative.ca\/International\/wp-json\/wp\/v2\/posts\/71005\/revisions"}],"wp:attachment":[{"href":"https:\/\/linitiative.ca\/International\/wp-json\/wp\/v2\/media?parent=71005"}],"wp:term":[{"taxonomy":"category","embeddable":true,"href":"https:\/\/linitiative.ca\/International\/wp-json\/wp\/v2\/categories?post=71005"},{"taxonomy":"post_tag","embeddable":true,"href":"https:\/\/linitiative.ca\/International\/wp-json\/wp\/v2\/tags?post=71005"}],"curies":[{"name":"wp","href":"https:\/\/api.w.org\/{rel}","templated":true}]}}