{"id":71006,"date":"2019-12-22T15:50:04","date_gmt":"2019-12-22T20:50:04","guid":{"rendered":"https:\/\/linitiative.ca\/International\/roumanie-bougies-et-ballons-blancs-pour-les-morts-de-la-revolution-de-1989\/"},"modified":"2019-12-22T15:50:04","modified_gmt":"2019-12-22T20:50:04","slug":"roumanie-bougies-et-ballons-blancs-pour-les-morts-de-la-revolution-de-1989","status":"publish","type":"post","link":"https:\/\/linitiative.ca\/International\/roumanie-bougies-et-ballons-blancs-pour-les-morts-de-la-revolution-de-1989\/","title":{"rendered":"Roumanie : bougies et ballons blancs pour les morts de la r\u00e9volution de 1989"},"content":{"rendered":"<div readability=\"32\">\n<p>Publi\u00e9 le 22.12.2019 \u00e0 21h50 par AFP<\/p>\n<\/div>\n<div readability=\"112\">\n<p>Un millier de personnes ont rendu hommage dimanche \u00e0 Bucarest aux Roumains morts pendant la r\u00e9volution de d\u00e9cembre 1989 et souhait\u00e9 que la lumi\u00e8re soit faite sur les \u00e9v\u00e9nements sanglants qui ont suivi la chute du dictateur communiste Nicolae Ceausescu, a constat\u00e9 l\u2019AFP.<\/p>\n<p>Les manifestants ont observ\u00e9 une minute de silence place de la R\u00e9volution avant de laisser s\u2019envoler des centaines de ballons blancs symbolisant selon les organisateurs \u00ab\u00a0l\u2019\u00e2me des 1.142 personnes tu\u00e9es\u00a0\u00bb il y a trente ans.<\/p>\n<p>Les noms des victimes ont ensuite \u00e9t\u00e9 lus et projet\u00e9s sur la fa\u00e7ade du b\u00e2timent qui avait abrit\u00e9 le comit\u00e9 central du Parti communiste.<\/p>\n<p>\u00ab\u00a0C\u2019est gr\u00e2ce \u00e0 ceux qui sont morts en d\u00e9cembre 1989 que nous vivons dans un pays libre\u00a0\u00bb, a d\u00e9clar\u00e9 une manifestante bucarestoise, Veronica Nicolau, 52 ans.<\/p>\n<p>\u00ab\u00a0Je suis venu pour exprimer ma reconnaissance envers ces jeunes innocents qui ont \u00e9t\u00e9 tu\u00e9s de sang froid. Un jour nous saurons la v\u00e9rit\u00e9 et alors nous pourrons enfin c\u00e9l\u00e9brer la r\u00e9volution et non plus la comm\u00e9morer\u00a0\u00bb, a confi\u00e9 Petre Cojan, un retrait\u00e9 \u00e2g\u00e9 de 73 ans, retenant \u00e0 peine ses larmes.<\/p>\n<p>Le pr\u00e9sident de centre droit Klaus Iohannis, qui s\u2019est joint aux manifestants, et plusieurs ministres ont d\u00e9pos\u00e9 des couronnes de fleurs et des bougies devant un monument \u00e9rig\u00e9 \u00e0 la m\u00e9moire des victimes.<\/p>\n<p>\u00ab\u00a0Nous voulons savoir la v\u00e9rit\u00e9 sur d\u00e9cembre 1989, nous voulons que les coupables soient jug\u00e9s et que justice soit faite\u00a0\u00bb, avait lanc\u00e9 M. Iohannis quelques heures plus t\u00f4t, \u00e0 l\u2019occasion de l\u2019inauguration d\u2019une exposition consacr\u00e9e \u00e0 ce soul\u00e8vement.<\/p>\n<p>Jusqu\u2019au 22 d\u00e9cembre 1989, c\u2019est sur ordre de Ceausescu que l\u2019arm\u00e9e et la police avaient tir\u00e9 sur la foule. Mais la plupart des personnes tu\u00e9es, plus de 900, sont tomb\u00e9es apr\u00e8s la chute du dictateur, \u00e0 un moment o\u00f9 un ancien apparatchik communiste, Ion Iliescu, venait de prendre le pouvoir.<\/p>\n<p>Ce dernier, \u00e9lu pr\u00e9sident \u00e0 trois reprises (en 1990, 1992 et 2000) est jug\u00e9 depuis novembre pour \u00ab\u00a0crimes contre l\u2019humanit\u00e9\u00a0\u00bb. Il est accus\u00e9 d\u2019avoir orchestr\u00e9 une \u00ab\u00a0vaste op\u00e9ration de diversion et de d\u00e9sinformation\u00a0\u00bb afin d&rsquo;\u00a0\u00bbobtenir une l\u00e9gitimit\u00e9 aux yeux du peuple\u00a0\u00bb.<\/p>\n<p>\u00ab\u00a0Iliescu condamn\u00e9 pour le sang vers\u00e9\u00a0\u00bb, ont scand\u00e9 dimanche les manifestants, dont plusieurs ont racont\u00e9 avoir \u00e9t\u00e9 les t\u00e9moins du discours fait par ce dernier le 22 d\u00e9cembre 1989 du haut du balcon du b\u00e2timent du comit\u00e9 central avant que des tirs dont l\u2019origine n\u2019a jamais \u00e9t\u00e9 \u00e9claircie ne fassent plusieurs morts.<\/p>\n<p>C\u2019est du toit de cet immeuble que Ceausescu et son \u00e9pouse Elena s\u2019\u00e9taient enfuis \u00e0 bord d\u2019un h\u00e9licopt\u00e8re quelques heures plus t\u00f4t, alors que des dizaines de milliers de personnes en col\u00e8re s\u2019\u00e9taient mass\u00e9es tout autour. La veille, une cinquantaine d\u2019opposants au r\u00e9gime avaient \u00e9t\u00e9 abattus ou \u00e9cras\u00e9s par des chars.<\/p>\n<p>Pour la premi\u00e8re fois depuis 1989, ce b\u00e2timent a \u00e9t\u00e9 ouvert au public dimanche. Les Roumains ont notamment pu voir le bureau de Ceausescu et le sous-sol abritant des cellules o\u00f9 \u00e9taient emprisonn\u00e9s des opposants.<\/p>\n<p>Le soul\u00e8vement anticommuniste avait d\u00e9but\u00e9 le 15 d\u00e9cembre \u00e0 Timisoara (ouest) avant de gagner Bucarest six jours plus tard.<\/p>\n<p>Arr\u00eat\u00e9s le 22 d\u00e9cembre, Nicolae et Elena Ceausescu ont \u00e9t\u00e9 pass\u00e9s par les armes \u00e0 l\u2019issue d\u2019un proc\u00e8s sommaire le jour de No\u00ebl.<\/p>\n<\/div>\n<p>Auteur: AFP<br \/>\n<a href=\"https:\/\/www.journalducameroun.com\/roumanie-bougies-et-ballons-blancs-pour-les-morts-de-la-revolution-de-1989\/\">Cliquez ici pour lire l&rsquo;article depuis sa source.<\/a><\/p>\n","protected":false},"excerpt":{"rendered":"<p>Publi\u00e9 le 22.12.2019 \u00e0 21h50 par AFP Un millier de personnes ont rendu hommage dimanche \u00e0 Bucarest aux Roumains morts pendant la r\u00e9volution de d\u00e9cembre 1989 et souhait\u00e9 que la lumi\u00e8re soit faite sur les \u00e9v\u00e9nements sanglants qui ont suivi la chute du dictateur communiste Nicolae Ceausescu, a constat\u00e9 l\u2019AFP. Les manifestants ont observ\u00e9 une [&hellip;]<\/p>\n","protected":false},"author":1965,"featured_media":0,"comment_status":"closed","ping_status":"closed","sticky":false,"template":"","format":"standard","meta":{"fifu_image_url":"","fifu_image_alt":"","footnotes":""},"categories":[73,82],"tags":[],"class_list":["post-71006","post","type-post","status-publish","format-standard","hentry","category-actualite","category-cameroun"],"_links":{"self":[{"href":"https:\/\/linitiative.ca\/International\/wp-json\/wp\/v2\/posts\/71006","targetHints":{"allow":["GET"]}}],"collection":[{"href":"https:\/\/linitiative.ca\/International\/wp-json\/wp\/v2\/posts"}],"about":[{"href":"https:\/\/linitiative.ca\/International\/wp-json\/wp\/v2\/types\/post"}],"author":[{"embeddable":true,"href":"https:\/\/linitiative.ca\/International\/wp-json\/wp\/v2\/users\/1965"}],"replies":[{"embeddable":true,"href":"https:\/\/linitiative.ca\/International\/wp-json\/wp\/v2\/comments?post=71006"}],"version-history":[{"count":0,"href":"https:\/\/linitiative.ca\/International\/wp-json\/wp\/v2\/posts\/71006\/revisions"}],"wp:attachment":[{"href":"https:\/\/linitiative.ca\/International\/wp-json\/wp\/v2\/media?parent=71006"}],"wp:term":[{"taxonomy":"category","embeddable":true,"href":"https:\/\/linitiative.ca\/International\/wp-json\/wp\/v2\/categories?post=71006"},{"taxonomy":"post_tag","embeddable":true,"href":"https:\/\/linitiative.ca\/International\/wp-json\/wp\/v2\/tags?post=71006"}],"curies":[{"name":"wp","href":"https:\/\/api.w.org\/{rel}","templated":true}]}}