{"id":71007,"date":"2019-12-22T16:18:03","date_gmt":"2019-12-22T21:18:03","guid":{"rendered":"https:\/\/linitiative.ca\/International\/maroc-le-film-documentaire-guerre-oubliee-remporte-le-grand-prix-du-festival-du-film-sur-la-culture-sahraouie-hassanie-a-laayoune\/"},"modified":"2019-12-22T16:18:03","modified_gmt":"2019-12-22T21:18:03","slug":"maroc-le-film-documentaire-guerre-oubliee-remporte-le-grand-prix-du-festival-du-film-sur-la-culture-sahraouie-hassanie-a-laayoune","status":"publish","type":"post","link":"https:\/\/linitiative.ca\/International\/maroc-le-film-documentaire-guerre-oubliee-remporte-le-grand-prix-du-festival-du-film-sur-la-culture-sahraouie-hassanie-a-laayoune\/","title":{"rendered":"Maroc : Le film documentaire \u00ab Guerre oubli\u00e9e \u00bb remporte le Grand Prix du Festival du film sur la culture sahraouie hassanie \u00e0 Laayoune"},"content":{"rendered":"<div readability=\"32\">\n<p>Publi\u00e9 le 22.12.2019 \u00e0 22h18 par APA News<\/p>\n<\/div>\n<div readability=\"122\">\n<p>Le film documentaire \u00ab Guerre oubli\u00e9e \u00bb de sa r\u00e9alisatrice Asmae El Moudir a remport\u00e9 le Grand Prix de la 5\u00e8me \u00e9dition du festival du film documentaire sur la culture, l\u2019histoire et l\u2019espace sahraoui hassani, qui s\u2019est tenue du 19 au 22 d\u00e9cembre \u00e0 Laayoune, chef-lieu des provinces du Sud du Maroc.Cette \u0153uvre documentaire relate l\u2019histoire de quatre r\u00e9sistants ayant particip\u00e9 \u00e0 une r\u00e9volution historique d\u00e9clench\u00e9e par un petit soul\u00e8vement en 1957 avant de se transformer en guerre men\u00e9e par des r\u00e9sistants marocains appartenant aux tribus d\u2019Ait Baamrane \u00e9paul\u00e9s par l\u2019arm\u00e9e de lib\u00e9ration pour lib\u00e9rer la ville de Sidi Ifni de l\u2019emprise coloniale espagnole. Cette guerre s\u2019est sold\u00e9e par le retrait du colonisateur espagnol de la ville.<\/p>\n<p>Dans une d\u00e9claration \u00e0 APA, la r\u00e9alisatrice de ce documentaire, Asmae El Moudir n\u2019a pas cach\u00e9 sa joie et son \u00e9motion apr\u00e8s avoir remport\u00e9 ce Grand prix et aussi le prix de la meilleure R\u00e9alisation, soulignant qu\u2019elle n\u2019a pas pens\u00e9 \u00e0 gagner \u00ab deux prix en m\u00eame temps avec une comp\u00e9tition acharn\u00e9e de 12 documentaires \u00bb.<\/p>\n<p>\u00ab Ce documentaire rappelle que cette guerre a bel et bien exist\u00e9 et remport\u00e9 par les tribus d\u2019Ait Baamarane \u00bb, a-t-il estim\u00e9, ajoutant qu\u2019il s\u2019agit d\u2019un film avec toile de fond le politique mais avec un angle d\u2019attaque tr\u00e8s humain \u00bb.<\/p>\n<p>\u00ab On a racont\u00e9 cette histoire ces anciens combattants eux-m\u00eame ayant v\u00e9cu cette guerre \u00bb, a enchain\u00e9 Mme Asmae El Moudir qui vient de remporter le Prix de l\u2019atelier de l\u2019Atlas de d\u00e9veloppement du Festival International du Film de Marrakech 2019 pour son documentaire \u00ab Mensonge originel \u00bb.<\/p>\n<p>Pour le prix de la meilleure musique, il a \u00e9t\u00e9 attribu\u00e9 au documentaire \u00ab Oued Noun et le commerce caravanie \u00bb de son r\u00e9alisateur Yassine Ait Fakir, et au documentaire \u00ab Bassiri, sc\u00e8ne perdue \u00bb r\u00e9alis\u00e9e par Mme Loubna Younsi.<\/p>\n<p>Quant au prix du meilleur Montage, il a \u00e9t\u00e9 d\u00e9c\u00e9rn\u00e9 au documentaire \u00ab Mikhyal \u00bb de son r\u00e9alisateur Ahmed Bouchelka, tandis que le Prix du Jury n\u2019a \u00e9t\u00e9 attribu\u00e9 \u00e0 aucun film documentaire en comp\u00e9tition.<\/p>\n<p>La 5\u00e8me \u00e9dition du festival du film documentaire sur la culture, l\u2019histoire et l\u2019espace sahraoui hassani s\u2019est ouverte, jeudi \u00e0 la ville de Laayoune, chef-lieu des provinces du sud du Royaume) en pr\u00e9sence de grands noms de cin\u00e9ma national et des personnalit\u00e9s des mondes de la culture, des arts et des m\u00e9dias.<\/p>\n<p>Inti\u00e9e par le Centre Cin\u00e9matographique Marocain (CCM), cette grand-messe cin\u00e9matographique a propos\u00e9 aux cin\u00e9philes un programme riche de films documentaires sur le patrimoine, la culture et l\u2019histoire hassanie du Sahara.<\/p>\n<p>Ce festival, haut en couleurs, a mis en comp\u00e9tition 12 longs m\u00e9trages documentaires sur le th\u00e8me de la culture, de l\u2019histoire et de l\u2019espace sahraoui, dont trois films r\u00e9alis\u00e9s par des femmes, qui ont en majorit\u00e9 b\u00e9n\u00e9fici\u00e9 du soutien \u00e0 la production d\u2019oeuvres cin\u00e9matographiques.<\/p>\n<p>Le jury du festival, pr\u00e9sid\u00e9 par le sc\u00e9nariste et expert en communication et publicit\u00e9, Mohamed La\u00e2roussi, est compos\u00e9 de Zoubida Selami, militante des droits de l\u2019Homme, Ra\u00e2boub Bhay, journaliste et chercheur en culture hassani, Charaf Eddine Zine El Abidine, journaliste et directeur de festival cin\u00e9matographique, et Mahjoub Doua, r\u00e9alisateur, sc\u00e9nariste et producteur.<\/p>\n<p>Selon les organisateurs, le festival du film documentaire sur la culture, l\u2019histoire et l\u2019espace sahraoui hassani a pour objectifs d\u2019encourager les films documentaires et les productions cin\u00e9matographiques dans les provinces du Sud.<\/p>\n<p>Il vise aussi \u00e0 promouvoir et \u00e0 faire conna\u00eetre les productions documentaires traitant des diff\u00e9rents aspects du patrimoine culturel hassani, en tant que composante essentielle de l\u2019identit\u00e9 marocaine.<\/p>\n<\/div>\n<p>Auteur: APA News<br \/>\n<a href=\"https:\/\/www.journalducameroun.com\/maroc-le-film-documentaire-guerre-oubliee-remporte-le-grand-prix-du-festival-du-film-sur-la-culture-sahraouie-hassanie-a-laayoune\/\">Cliquez ici pour lire l&rsquo;article depuis sa source.<\/a><\/p>\n","protected":false},"excerpt":{"rendered":"<p>Publi\u00e9 le 22.12.2019 \u00e0 22h18 par APA News Le film documentaire \u00ab Guerre oubli\u00e9e \u00bb de sa r\u00e9alisatrice Asmae El Moudir a remport\u00e9 le Grand Prix de la 5\u00e8me \u00e9dition du festival du film documentaire sur la culture, l\u2019histoire et l\u2019espace sahraoui hassani, qui s\u2019est tenue du 19 au 22 d\u00e9cembre \u00e0 Laayoune, chef-lieu des [&hellip;]<\/p>\n","protected":false},"author":1965,"featured_media":0,"comment_status":"closed","ping_status":"closed","sticky":false,"template":"","format":"standard","meta":{"fifu_image_url":"","fifu_image_alt":"","footnotes":""},"categories":[73,82],"tags":[],"class_list":["post-71007","post","type-post","status-publish","format-standard","hentry","category-actualite","category-cameroun"],"_links":{"self":[{"href":"https:\/\/linitiative.ca\/International\/wp-json\/wp\/v2\/posts\/71007","targetHints":{"allow":["GET"]}}],"collection":[{"href":"https:\/\/linitiative.ca\/International\/wp-json\/wp\/v2\/posts"}],"about":[{"href":"https:\/\/linitiative.ca\/International\/wp-json\/wp\/v2\/types\/post"}],"author":[{"embeddable":true,"href":"https:\/\/linitiative.ca\/International\/wp-json\/wp\/v2\/users\/1965"}],"replies":[{"embeddable":true,"href":"https:\/\/linitiative.ca\/International\/wp-json\/wp\/v2\/comments?post=71007"}],"version-history":[{"count":0,"href":"https:\/\/linitiative.ca\/International\/wp-json\/wp\/v2\/posts\/71007\/revisions"}],"wp:attachment":[{"href":"https:\/\/linitiative.ca\/International\/wp-json\/wp\/v2\/media?parent=71007"}],"wp:term":[{"taxonomy":"category","embeddable":true,"href":"https:\/\/linitiative.ca\/International\/wp-json\/wp\/v2\/categories?post=71007"},{"taxonomy":"post_tag","embeddable":true,"href":"https:\/\/linitiative.ca\/International\/wp-json\/wp\/v2\/tags?post=71007"}],"curies":[{"name":"wp","href":"https:\/\/api.w.org\/{rel}","templated":true}]}}