{"id":71008,"date":"2019-12-22T16:50:02","date_gmt":"2019-12-22T21:50:02","guid":{"rendered":"https:\/\/linitiative.ca\/International\/macron-et-issoufou-tentent-de-mobiliser-contre-le-jihadisme\/"},"modified":"2019-12-22T16:50:02","modified_gmt":"2019-12-22T21:50:02","slug":"macron-et-issoufou-tentent-de-mobiliser-contre-le-jihadisme","status":"publish","type":"post","link":"https:\/\/linitiative.ca\/International\/macron-et-issoufou-tentent-de-mobiliser-contre-le-jihadisme\/","title":{"rendered":"Macron et Issoufou tentent de mobiliser contre le jihadisme"},"content":{"rendered":"<p>Les pr\u00e9sidents fran\u00e7ais Emmanuel Macron et nig\u00e9rien Mahamadou Issoufou se sont voulus mobilisateurs dimanche \u00e0 Niamey pour renforcer la lutte contre le jihadisme au Sahel, au cours d\u2019une c\u00e9r\u00e9monie d\u2019hommage aux 71 militaires nig\u00e9riens tu\u00e9s par des jihadistes en d\u00e9cembre.<\/p>\n<p>M. Macron bouclait par un d\u00e9tour au Niger une visite de 48 heures en C\u00f4te d\u2019Ivoire o\u00f9 il a act\u00e9 la fin du Franc CFA qui laissera la place en 2020 \u00e0 l\u2019Eco.<\/p>\n<p>Il s\u2019est inclin\u00e9 devant les tombes des soldats nig\u00e9riens moins d\u2019un mois apr\u00e8s s\u2019\u00eatre recueilli devant les cercueils des 13 soldats Francais tu\u00e9s au cours d\u2019un accident d\u2019h\u00e9licopt\u00e8res au Mali, en zone de combat.<\/p>\n<p>Le pr\u00e9sident fran\u00e7ais a ensuite \u00e0 nouveau tenu un discours volontaire au risque de froisser encore ses alli\u00e9s.<\/p>\n<p>\u00ab\u00a0Nous sommes \u00e0 un tournant de cette guerre. Il nous faut (\u2026) red\u00e9finir plus clairement les objectifs\u00a0\u00bb \u00e0 l\u2019occasion du sommet de Pau (sud-ouest de la France) le 13 janvier, a affirm\u00e9 le pr\u00e9sident Macron.<\/p>\n<p>\u00ab\u00a0Il faut d\u00e9finir de mani\u00e8re beaucoup plus claire les objectifs militaires, politiques et de d\u00e9veloppement pour les 6, 12 et 18 prochains mois\u00a0\u00bb, a-t-il insist\u00e9.<\/p>\n<p>\u00ab\u00a0Je vois dans trop de pays prosp\u00e9rer sans condamnation politique claire des sentiments anti-francais Je ne peux pas accepter d\u2019envoyer nos soldats sur le terrain dans les pays o\u00f9 cette demande (de pr\u00e9sence fran\u00e7aise) n\u2019est pas clairement assum\u00e9e\u00a0\u00bb, a poursuivi Emamnuel Macron.<\/p>\n<p>\u00ab\u00a0Quand il parle de clarification, le pr\u00e9sident Macron vise IBK (Ibrahim Boubacar Keita, le pr\u00e9sident malien) et Kabor\u00e9 (Roch Marc Christian Kabor\u00e9, le pr\u00e9sident burkinab\u00e8)\u00a0\u00bb, avait r\u00e9cemment pr\u00e9cis\u00e9 une source s\u00e9curitaire \u00e0 l\u2019AFP.<\/p>\n<p>Sur la m\u00eame longueur d\u2019ondes que Macron, le pr\u00e9sident Issoufou a r\u00e9v\u00e9l\u00e9 que la France et les pays du Sahel lanceraient \u00e0 Pau \u00ab\u00a0un appel \u00e0 la solidarit\u00e9 internationale pour que le Sahel et la France ne soient pas seuls dans ce combat\u00a0\u00bb<\/p>\n<p>Il a rappel\u00e9 que le Niger consacrait \u00ab\u00a019% de ses ressources budg\u00e9taires dans le combat contre le terrorisme\u00a0\u00bb, soulignant aussi que la \u00ab\u00a0France emploie beaucoup de ressources\u00a0\u00bb.<\/p>\n<p>\u2013 \u2018menace plan\u00e9taire\u2019 \u2013<\/p>\n<p>\u00ab\u00a0La menace du terrorisme est une menace plan\u00e9taire, elle n\u00e9cessite une riposte \u00e0 l\u2019\u00e9chelle de la plan\u00e8te\u00a0\u00bb, a-t-il poursuivi. \u00ab\u00a0Si les Europ\u00e9ens ne s\u2019engagent pas, ils auront \u00e0 faire cette guerre sur leur territoire\u00a0\u00bb, a-t-il lanc\u00e9.<\/p>\n<p>Les deux pr\u00e9sidents se sont embrass\u00e9s \u00e0 deux reprises au cours d\u2019une c\u00e9r\u00e9monie empreinte d\u2019\u00e9motion. Le pr\u00e9sident Macron a soulign\u00e9 que les soldats fran\u00e7ais et nig\u00e9riens \u00e9taient des \u00ab\u00a0fr\u00e8res d\u2019armes\u00a0\u00bb et lanc\u00e9: \u00ab\u00a0Nous sommes l\u00e0 aujourd\u2019hui pour nous incliner devant vos martyrs, nous serons la demain pour c\u00e9l\u00e9brer les victoires\u00a0\u00bb.<\/p>\n<p>L\u2019invitation par le pr\u00e9sident fran\u00e7ais au sommet de Pau avait \u00e9t\u00e9 mal ressenti par beaucoup, certains y voyant une \u00ab\u00a0convocation\u00a0\u00bb teint\u00e9e d\u2019attitude n\u00e9o-coloniale.<\/p>\n<p>Le pr\u00e9sident Ke\u00efta a sembl\u00e9 faire allusion \u00e0 cette tension samedi sur TV5, en indiquant que les pays unis dans la force militaire G5 Sahel souhaitaient \u00ab\u00a0un partenariat respectable et respectueux\u00a0\u00bb. De source diplomatique, tous les pays devraient toutefois \u00eatre pr\u00e9sents \u00e0 Pau.<\/p>\n<p>Avant d\u2019arriver \u00e0 Niamey, le pr\u00e9sident Macron s\u2019\u00e9tait \u00e9galement recueilli en hommage \u00e0 des soldats tu\u00e9s, cette fois \u00e0 Bouak\u00e9, deuxi\u00e8me ville de C\u00f4te d\u2019ivoire et ancienne capitale de la r\u00e9bellion.<\/p>\n<p>\u2013 Hommage aussi \u00e0 Bouak\u00e9 \u2013<\/p>\n<p>Neuf soldats fran\u00e7ais et un Am\u00e9ricain y avaient \u00e9t\u00e9 tu\u00e9s en 2004, par un de l\u2019arm\u00e9e ivoirienne. Un \u00e9pisode charni\u00e8re de la d\u00e9cennie de crise ivoirienne et un dossier qui garde de nombreuses zones d\u2019ombre.<\/p>\n<p>Les pr\u00e9sidents Macron et Ouattara ont d\u00e9voil\u00e9 une st\u00e8le et d\u00e9pos\u00e9 des gerbes aux couleurs ivoiriennes et fran\u00e7aises. Cet acte doit \u00ab\u00a0oeuvrer \u00e0 l\u2019essentiel travail de r\u00e9conciliation dont la R\u00e9publique de C\u00f4te d\u2019Ivoire a tant besoin et qui est le chemin sur lequel elle avance\u00a0\u00bb, avait dit M. Macron la veille.<\/p>\n<p>Les derni\u00e8res heures de M. Macron, en C\u00f4te d\u2019Ivoire ont \u00e9t\u00e9 plus festifs avec un accueil par des dizaines de milliers de personnes.<\/p>\n<p>\u00ab\u00a0ADO ! ADO ! Macron ! Macron !\u00a0\u00bb, scandait la foule en honneur au pr\u00e9sident fran\u00e7ais et son homologue ivoirien Alassane Dramane Ouattara, dit \u00ab\u00a0ADO\u00a0\u00bb.<\/p>\n<p>\u00ab\u00a0C\u2019est la premi\u00e8re fois depuis que la C\u00f4te d\u2019Ivoire existe qu\u2019un pr\u00e9sident fran\u00e7ais vient \u00e0 Bouak\u00e9. Et il vient pour construire notre march\u00e9, seul lieu d\u2019activit\u00e9 \u00e0 Bouak\u00e9\u00a0\u00bb, a jubil\u00e9 Sanata Traor\u00e9, commer\u00e7ante, devant le futur march\u00e9 dont M. Macron a pos\u00e9 la premi\u00e8re pierre.<\/p>\n<p>D\u2019un co\u00fbt de 60 millions d\u2019euros, financ\u00e9 par la France, le site, qui sera le plus grand march\u00e9 couvert d\u2019Afrique de l\u2019Ouest, rassemblera 8.500 commer\u00e7ants sur pr\u00e8s de 9 hectares.<\/p>\n<p>Objectif: relancer l\u2019activit\u00e9 \u00e9conomique jadis florissante et faire oublier le pass\u00e9 de Bouak\u00e9, ville de casernes r\u00e9guli\u00e8rement secou\u00e9e par des mouvements de grogne de militaires.<\/p>\n<p>Les deux pr\u00e9sidents ont pos\u00e9 la premi\u00e8re pierre lors d\u2019une c\u00e9r\u00e9monie exp\u00e9di\u00e9e au pas de course. Le temps, tout de m\u00eame pour le pr\u00e9sident Macron de recevoir en cadeau un\u2026 cheval.<\/p>\n<p>Apr\u00e8s l\u2019\u00e9tape nig\u00e9rienne, Emmanuel Macron est reparti dimanche en d\u00e9but de soir\u00e9e pour la France.<\/p>\n<p>Auteur: AFP<br \/>\n<a href=\"https:\/\/www.journalducameroun.com\/macron-et-issoufou-tentent-de-mobiliser-contre-le-jihadisme\/\">Cliquez ici pour lire l&rsquo;article depuis sa source.<\/a><\/p>\n","protected":false},"excerpt":{"rendered":"<p>Les pr\u00e9sidents fran\u00e7ais Emmanuel Macron et nig\u00e9rien Mahamadou Issoufou se sont voulus mobilisateurs dimanche \u00e0 Niamey pour renforcer la lutte contre le jihadisme au Sahel, au cours d\u2019une c\u00e9r\u00e9monie d\u2019hommage aux 71 militaires nig\u00e9riens tu\u00e9s par des jihadistes en d\u00e9cembre. M. Macron bouclait par un d\u00e9tour au Niger une visite de 48 heures en C\u00f4te [&hellip;]<\/p>\n","protected":false},"author":1965,"featured_media":0,"comment_status":"closed","ping_status":"closed","sticky":false,"template":"","format":"standard","meta":{"fifu_image_url":"","fifu_image_alt":"","footnotes":""},"categories":[73,82],"tags":[],"class_list":["post-71008","post","type-post","status-publish","format-standard","hentry","category-actualite","category-cameroun"],"_links":{"self":[{"href":"https:\/\/linitiative.ca\/International\/wp-json\/wp\/v2\/posts\/71008","targetHints":{"allow":["GET"]}}],"collection":[{"href":"https:\/\/linitiative.ca\/International\/wp-json\/wp\/v2\/posts"}],"about":[{"href":"https:\/\/linitiative.ca\/International\/wp-json\/wp\/v2\/types\/post"}],"author":[{"embeddable":true,"href":"https:\/\/linitiative.ca\/International\/wp-json\/wp\/v2\/users\/1965"}],"replies":[{"embeddable":true,"href":"https:\/\/linitiative.ca\/International\/wp-json\/wp\/v2\/comments?post=71008"}],"version-history":[{"count":0,"href":"https:\/\/linitiative.ca\/International\/wp-json\/wp\/v2\/posts\/71008\/revisions"}],"wp:attachment":[{"href":"https:\/\/linitiative.ca\/International\/wp-json\/wp\/v2\/media?parent=71008"}],"wp:term":[{"taxonomy":"category","embeddable":true,"href":"https:\/\/linitiative.ca\/International\/wp-json\/wp\/v2\/categories?post=71008"},{"taxonomy":"post_tag","embeddable":true,"href":"https:\/\/linitiative.ca\/International\/wp-json\/wp\/v2\/tags?post=71008"}],"curies":[{"name":"wp","href":"https:\/\/api.w.org\/{rel}","templated":true}]}}