{"id":71009,"date":"2019-12-23T08:30:20","date_gmt":"2019-12-23T13:30:20","guid":{"rendered":"https:\/\/linitiative.ca\/International\/macaal-bootcamp-la-premiere-promotion-devoilee\/"},"modified":"2019-12-23T08:30:20","modified_gmt":"2019-12-23T13:30:20","slug":"macaal-bootcamp-la-premiere-promotion-devoilee","status":"publish","type":"post","link":"https:\/\/linitiative.ca\/International\/macaal-bootcamp-la-premiere-promotion-devoilee\/","title":{"rendered":"Macaal Bootcamp : La premi\u00e8re promotion d\u00e9voil\u00e9e"},"content":{"rendered":"<p><img decoding=\"async\" class=\"post_layout_5_img\" src=\"http:\/\/aujourdhui.ma\/wp-content\/uploads\/2019\/12\/MACAAL-Bootcamp.jpg?x29840\" alt=\"Macaal Bootcamp : La premi\u00e8re promotion d\u00e9voil\u00e9e\"\/><\/p>\n<p class=\"p1\"><span class=\"c4\"><strong><span class=\"s1\"><em>20 professionnels d\u00e9veloppent leurs carri\u00e8res\u00a0<\/em><\/span><span class=\"s2\"><em>dans le secteur des industries culturelles et cr\u00e9atives<\/em><\/span><\/strong><\/span><span id=\"more-327717\"\/><\/p>\n<p class=\"p1\"><span class=\"s1\">Vingt professionnels issus de 14 pays africains se r\u00e9uniront \u00e0 Marrakech pour renforcer leurs comp\u00e9tences et b\u00e9n\u00e9ficier des outils n\u00e9cessaires au d\u00e9veloppement de leurs carri\u00e8res dans le secteur culturel, et ce dans le cadre de la premi\u00e8re \u00e9dition du Macaal Bootcamp, pr\u00e9vue du 14 au 18 janvier 2020. Initi\u00e9 par la Fondation Alliances, ce programme de formation vise l\u2019accompagnement des talents et des comp\u00e9tences professionnelles dans le secteur des industries culturelles et cr\u00e9atives \u00e0 travers la R&#038;D, l\u2019innovation et l\u2019ing\u00e9nierie culturelle et \u00e9conomique. Selon les organisateurs, les professionnels participants sont s\u00e9lectionn\u00e9s suite \u00e0 un appel \u00e0 candidatures lanc\u00e9 en octobre dernier.<\/span><\/p>\n<p class=\"p1\"><span class=\"s1\">Ainsi, 172 agents culturels op\u00e9rant dans le secteur de l\u2019art contemporain, originaires de 44 pays, ont transmis leur candidature afin d\u2019int\u00e9grer la premi\u00e8re promotion de 20 apprenants qui rejoindront des mentors renomm\u00e9s \u00e0 Marrakech. <em>\u00abL\u2019appel \u00e0 candidatures a ainsi r\u00e9ussi \u00e0 atteindre une multitude d\u2019horizons g\u00e9ographiques africains : 30% des candidatures provenaient d\u2019Afrique du Nord, 26% d\u2019Afrique de l\u2019Ouest, 21% d\u2019Afrique de l\u2019Est, 13% d\u2019Afrique Australe et 10% d\u2019Afrique Centrale\u00bb,<\/em> indique \u00e0 ce sujet Meryem Berrada, directrice des projets culturels \u00e0 la Fondation Alliances et directrice artistique du Macaal. Et d\u2019ajouter que <em>\u00abla s\u00e9lection s\u2019est effectu\u00e9e sur la pertinence de l\u2019action professionnelle en cours, la structuration et le s\u00e9quen\u00e7age de projets \u00e0 venir, la contribution apport\u00e9e par le professionnel \u00e0 son \u00e9cosyst\u00e8me, les b\u00e9n\u00e9fices potentiels offerts par la formation \u00e0 chaque candidat et les carences en mobilit\u00e9 rencontr\u00e9es, tout en tenant compte de la disparit\u00e9 des syst\u00e8mes \u00e9ducatifs et des contextes artistiques d\u2019une zone \u00e0 l\u2019autre, d\u2019un pays \u00e0 un autre\u00bb.<\/em><\/span><\/p>\n<p><a href=\"http:\/\/aujourdhui.ma\/wp-content\/uploads\/2019\/12\/MACAAL-Bootcamp-Vingt-professionnels-secteur-culturel.jpg?x29840\"><img loading=\"lazy\" decoding=\"async\" class=\"size-full wp-image-327725 aligncenter\" src=\"http:\/\/aujourdhui.ma\/wp-content\/uploads\/2019\/12\/MACAAL-Bootcamp-Vingt-professionnels-secteur-culturel.jpg?x29840\" alt=\"\" width=\"746\" height=\"380\" srcset=\"http:\/\/aujourdhui.ma\/wp-content\/uploads\/2019\/12\/MACAAL-Bootcamp-Vingt-professionnels-secteur-culturel.jpg 746w, http:\/\/aujourdhui.ma\/wp-content\/uploads\/2019\/12\/MACAAL-Bootcamp-Vingt-professionnels-secteur-culturel-300x153.jpg 300w\" sizes=\"auto, (max-width: 746px) 100vw, 746px\"\/><\/a><\/p>\n<p class=\"p1\"><span class=\"s1\">Il faut dire que Macaal Bootcamp est le premier programme de sourcing et de renforcement des agents culturels africains dans le secteur de l\u2019art contemporain et des arts visuels. Ce sont cinq jours de travail intensif pour s\u2019auto-\u00e9valuer, se remettre en jeu et se renforcer gr\u00e2ce \u00e0 l\u2019appui de professionnels et d\u2019encadrants. Il proposera en effet \u00e0 chaque participant de se positionner dans son \u00e9cosyst\u00e8me professionnel en analysant ses forces et ses besoins par une s\u00e9rie de workshops et de master class de haut niveau sur les savoirs fondamentaux du secteur. <em>\u00abGr\u00e2ce \u00e0 13 mentors, le Bootcamp cr\u00e9era un v\u00e9ritable esprit de promotion entre ses participants, combinant moments de formation et d\u2019acquisition des savoirs, d\u2019ateliers autour du management et du leadership culturel\u00bb<\/em>, expliquent les organisateurs.<\/span><\/p>\n<p class=\"p1\"><span class=\"s1\">Au terme de ce programme, les participants auront \u00e0 leur disposition une feuille de route pour leur progression future, un substrat professionnel renforc\u00e9 et une s\u00e9rie de contacts professionnels pour leur permettre d\u2019inventer leur projet: formation continue, mobilit\u00e9 internationale, r\u00e9sidence, missions crois\u00e9es entre diff\u00e9rentes institutions. Pour rappel, le Macaal Bootcamp est organis\u00e9 avec le soutien du Groupe OCP, en partenariat avec le programme Art Lab de l\u2019Universit\u00e9 Mohammed VI Polytechnique (UM6P).<\/span><\/p>\n<p>Auteur: Salima Guisser<br \/>\n<a href=\"http:\/\/aujourdhui.ma\/culture\/macaal-bootcamp-la-premiere-promotion-devoilee\">Cliquez ici pour lire l&rsquo;article depuis sa source.<\/a><\/p>\n","protected":false},"excerpt":{"rendered":"<p>20 professionnels d\u00e9veloppent leurs carri\u00e8res\u00a0dans le secteur des industries culturelles et cr\u00e9atives Vingt professionnels issus de 14 pays africains se r\u00e9uniront \u00e0 Marrakech pour renforcer leurs comp\u00e9tences et b\u00e9n\u00e9ficier des outils n\u00e9cessaires au d\u00e9veloppement de leurs carri\u00e8res dans le secteur culturel, et ce dans le cadre de la premi\u00e8re \u00e9dition du Macaal Bootcamp, pr\u00e9vue du [&hellip;]<\/p>\n","protected":false},"author":1759,"featured_media":0,"comment_status":"closed","ping_status":"closed","sticky":false,"template":"","format":"standard","meta":{"fifu_image_url":"","fifu_image_alt":"","footnotes":""},"categories":[73,54],"tags":[],"class_list":["post-71009","post","type-post","status-publish","format-standard","hentry","category-actualite","category-maroc"],"_links":{"self":[{"href":"https:\/\/linitiative.ca\/International\/wp-json\/wp\/v2\/posts\/71009","targetHints":{"allow":["GET"]}}],"collection":[{"href":"https:\/\/linitiative.ca\/International\/wp-json\/wp\/v2\/posts"}],"about":[{"href":"https:\/\/linitiative.ca\/International\/wp-json\/wp\/v2\/types\/post"}],"author":[{"embeddable":true,"href":"https:\/\/linitiative.ca\/International\/wp-json\/wp\/v2\/users\/1759"}],"replies":[{"embeddable":true,"href":"https:\/\/linitiative.ca\/International\/wp-json\/wp\/v2\/comments?post=71009"}],"version-history":[{"count":0,"href":"https:\/\/linitiative.ca\/International\/wp-json\/wp\/v2\/posts\/71009\/revisions"}],"wp:attachment":[{"href":"https:\/\/linitiative.ca\/International\/wp-json\/wp\/v2\/media?parent=71009"}],"wp:term":[{"taxonomy":"category","embeddable":true,"href":"https:\/\/linitiative.ca\/International\/wp-json\/wp\/v2\/categories?post=71009"},{"taxonomy":"post_tag","embeddable":true,"href":"https:\/\/linitiative.ca\/International\/wp-json\/wp\/v2\/tags?post=71009"}],"curies":[{"name":"wp","href":"https:\/\/api.w.org\/{rel}","templated":true}]}}