{"id":71011,"date":"2019-12-23T09:27:30","date_gmt":"2019-12-23T14:27:30","guid":{"rendered":"https:\/\/linitiative.ca\/International\/3eme-universite-dhiver-amine-bensaid-explicite-lapport-de-luniversite-al-akhawayn\/"},"modified":"2019-12-23T09:27:30","modified_gmt":"2019-12-23T14:27:30","slug":"3eme-universite-dhiver-amine-bensaid-explicite-lapport-de-luniversite-al-akhawayn","status":"publish","type":"post","link":"https:\/\/linitiative.ca\/International\/3eme-universite-dhiver-amine-bensaid-explicite-lapport-de-luniversite-al-akhawayn\/","title":{"rendered":"3\u00e8me universit\u00e9 d\u2019hiver : Amine Bensaid explicite l\u2019apport de l\u2019universit\u00e9 Al Akhawayn"},"content":{"rendered":"<header readability=\"1.37790697674\">\n<div class=\"entry-post-meta\" readability=\"6.66666666667\">\n<div class=\"author-link\">Publi\u00e9 par <a itemprop=\"author\" itemscope=\"\" itemtype=\"https:\/\/schema.org\/Person\" href=\"http:\/\/aujourdhui.ma\/profile\/kaid\" rel=\"author\"><span itemprop=\"name\">ALM<\/span><\/a><\/div>\n<p>Date\u00a0:<time content=\"2019-12-23T15:27:30+00:00\" class=\"entry-date updated\" datetime=\"2019-12-23T15:27:30+00:00\">d\u00e9cembre 23, 2019<\/time><\/p>\n<div class=\"entry-cat\">dans:<a href=\"http:\/\/aujourdhui.ma\/category\/videos\" rel=\"category tag\">Vid\u00e9os<\/a><\/div>\n<p>1Vues<\/p>\n<\/div>\n<\/header>\n<div class=\"entry-content clearfix\" readability=\"41\">\n<p><iframe loading=\"lazy\" width=\"536\" height=\"323\" src=\"\/\/www.youtube.com\/embed\/aWNkBykv6Ek?\" frameborder=\"0\" allowfullscreen=\"\">[embedded content]<\/iframe><\/p>\n<p><span class=\"c4\"><strong>Le nouveau pr\u00e9sident de l\u2019universit\u00e9 Al Akhawayn, Amine Bensaid, explicite la valeur ajout\u00e9e de l\u2019\u00e9tablissement, qu\u2019il chapeaute, pour la 3\u00e8me universit\u00e9 d\u2019hiver organis\u00e9e, jusqu\u2019au 23 d\u00e9cembre \u00e0 Ifrane, par le minist\u00e8re d\u00e9l\u00e9gu\u00e9 charg\u00e9 des Marocains r\u00e9sidant \u00e0 l\u2019\u00e9tranger.<\/strong><\/span><\/p>\n<\/div>\n<p>Auteur: ALM<br \/>\n<a href=\"http:\/\/aujourdhui.ma\/videos\/3eme-universite-dhiver-amine-bensaid-explicite-lapport-de-luniversite-al-akhawayn\">Cliquez ici pour lire l&rsquo;article depuis sa source.<\/a><\/p>\n","protected":false},"excerpt":{"rendered":"<p>Publi\u00e9 par ALM Date\u00a0:d\u00e9cembre 23, 2019 dans:Vid\u00e9os 1Vues [embedded content] Le nouveau pr\u00e9sident de l\u2019universit\u00e9 Al Akhawayn, Amine Bensaid, explicite la valeur ajout\u00e9e de l\u2019\u00e9tablissement, qu\u2019il chapeaute, pour la 3\u00e8me universit\u00e9 d\u2019hiver organis\u00e9e, jusqu\u2019au 23 d\u00e9cembre \u00e0 Ifrane, par le minist\u00e8re d\u00e9l\u00e9gu\u00e9 charg\u00e9 des Marocains r\u00e9sidant \u00e0 l\u2019\u00e9tranger. Auteur: ALM Cliquez ici pour lire l&rsquo;article [&hellip;]<\/p>\n","protected":false},"author":1759,"featured_media":0,"comment_status":"closed","ping_status":"closed","sticky":false,"template":"","format":"standard","meta":{"fifu_image_url":"","fifu_image_alt":"","footnotes":""},"categories":[73,54],"tags":[],"class_list":["post-71011","post","type-post","status-publish","format-standard","hentry","category-actualite","category-maroc"],"_links":{"self":[{"href":"https:\/\/linitiative.ca\/International\/wp-json\/wp\/v2\/posts\/71011","targetHints":{"allow":["GET"]}}],"collection":[{"href":"https:\/\/linitiative.ca\/International\/wp-json\/wp\/v2\/posts"}],"about":[{"href":"https:\/\/linitiative.ca\/International\/wp-json\/wp\/v2\/types\/post"}],"author":[{"embeddable":true,"href":"https:\/\/linitiative.ca\/International\/wp-json\/wp\/v2\/users\/1759"}],"replies":[{"embeddable":true,"href":"https:\/\/linitiative.ca\/International\/wp-json\/wp\/v2\/comments?post=71011"}],"version-history":[{"count":0,"href":"https:\/\/linitiative.ca\/International\/wp-json\/wp\/v2\/posts\/71011\/revisions"}],"wp:attachment":[{"href":"https:\/\/linitiative.ca\/International\/wp-json\/wp\/v2\/media?parent=71011"}],"wp:term":[{"taxonomy":"category","embeddable":true,"href":"https:\/\/linitiative.ca\/International\/wp-json\/wp\/v2\/categories?post=71011"},{"taxonomy":"post_tag","embeddable":true,"href":"https:\/\/linitiative.ca\/International\/wp-json\/wp\/v2\/tags?post=71011"}],"curies":[{"name":"wp","href":"https:\/\/api.w.org\/{rel}","templated":true}]}}