{"id":71012,"date":"2019-12-23T09:29:49","date_gmt":"2019-12-23T14:29:49","guid":{"rendered":"https:\/\/linitiative.ca\/International\/lors-de-luniversite-dhiver-a-ifrane-bouchra-bayed-sexprime-sur-maroc-entrepreneurs\/"},"modified":"2019-12-23T09:29:49","modified_gmt":"2019-12-23T14:29:49","slug":"lors-de-luniversite-dhiver-a-ifrane-bouchra-bayed-sexprime-sur-maroc-entrepreneurs","status":"publish","type":"post","link":"https:\/\/linitiative.ca\/International\/lors-de-luniversite-dhiver-a-ifrane-bouchra-bayed-sexprime-sur-maroc-entrepreneurs\/","title":{"rendered":"Lors de l\u2019universit\u00e9 d\u2019hiver \u00e0 Ifrane : Bouchra Bayed s\u2019exprime sur Maroc Entrepreneurs"},"content":{"rendered":"<header readability=\"1.37790697674\">\n<div class=\"entry-post-meta\" readability=\"6.66666666667\">\n<div class=\"author-link\">Publi\u00e9 par <a itemprop=\"author\" itemscope=\"\" itemtype=\"https:\/\/schema.org\/Person\" href=\"http:\/\/aujourdhui.ma\/profile\/kaid\" rel=\"author\"><span itemprop=\"name\">ALM<\/span><\/a><\/div>\n<p>Date\u00a0:<time content=\"2019-12-23T15:29:49+00:00\" class=\"entry-date updated\" datetime=\"2019-12-23T15:29:49+00:00\">d\u00e9cembre 23, 2019<\/time><\/p>\n<div class=\"entry-cat\">dans:<a href=\"http:\/\/aujourdhui.ma\/category\/videos\" rel=\"category tag\">Vid\u00e9os<\/a><\/div>\n<p>1Vues<\/p>\n<\/div>\n<\/header>\n<div class=\"entry-content clearfix\" readability=\"40\">\n<p><iframe loading=\"lazy\" width=\"536\" height=\"323\" src=\"\/\/www.youtube.com\/embed\/UEB-EEqGJG8?\" frameborder=\"0\" allowfullscreen=\"\">[embedded content]<\/iframe><\/p>\n<p><span class=\"c4\"><strong>La 3\u00e8me universit\u00e9 d\u2019hiver \u00e9tait l\u2019occasion pour la consultante, Bouchra Bayed, \u00e9galement pr\u00e9sidente de l\u2019association Maroc Entrepreneurs \u00e0 Paris, de s\u2019exprimer sur cette structure qui \u00e9teint cette ann\u00e9e ses 20 bougies. De son c\u00f4t\u00e9, la jeune Manal Imani, \u00e9tudiante en Italie se f\u00e9licite de sa participation \u00e0 cet \u00e9v\u00e9nement.<\/strong><\/span><\/p>\n<\/div>\n<p>Auteur: ALM<br \/>\n<a href=\"http:\/\/aujourdhui.ma\/videos\/lors-de-luniversite-dhiver-a-ifrane-bouchra-bayed-sexprime-sur-maroc-entrepreneurs\">Cliquez ici pour lire l&rsquo;article depuis sa source.<\/a><\/p>\n","protected":false},"excerpt":{"rendered":"<p>Publi\u00e9 par ALM Date\u00a0:d\u00e9cembre 23, 2019 dans:Vid\u00e9os 1Vues [embedded content] La 3\u00e8me universit\u00e9 d\u2019hiver \u00e9tait l\u2019occasion pour la consultante, Bouchra Bayed, \u00e9galement pr\u00e9sidente de l\u2019association Maroc Entrepreneurs \u00e0 Paris, de s\u2019exprimer sur cette structure qui \u00e9teint cette ann\u00e9e ses 20 bougies. De son c\u00f4t\u00e9, la jeune Manal Imani, \u00e9tudiante en Italie se f\u00e9licite de sa [&hellip;]<\/p>\n","protected":false},"author":1759,"featured_media":0,"comment_status":"closed","ping_status":"closed","sticky":false,"template":"","format":"standard","meta":{"fifu_image_url":"","fifu_image_alt":"","footnotes":""},"categories":[73,54],"tags":[],"class_list":["post-71012","post","type-post","status-publish","format-standard","hentry","category-actualite","category-maroc"],"_links":{"self":[{"href":"https:\/\/linitiative.ca\/International\/wp-json\/wp\/v2\/posts\/71012","targetHints":{"allow":["GET"]}}],"collection":[{"href":"https:\/\/linitiative.ca\/International\/wp-json\/wp\/v2\/posts"}],"about":[{"href":"https:\/\/linitiative.ca\/International\/wp-json\/wp\/v2\/types\/post"}],"author":[{"embeddable":true,"href":"https:\/\/linitiative.ca\/International\/wp-json\/wp\/v2\/users\/1759"}],"replies":[{"embeddable":true,"href":"https:\/\/linitiative.ca\/International\/wp-json\/wp\/v2\/comments?post=71012"}],"version-history":[{"count":0,"href":"https:\/\/linitiative.ca\/International\/wp-json\/wp\/v2\/posts\/71012\/revisions"}],"wp:attachment":[{"href":"https:\/\/linitiative.ca\/International\/wp-json\/wp\/v2\/media?parent=71012"}],"wp:term":[{"taxonomy":"category","embeddable":true,"href":"https:\/\/linitiative.ca\/International\/wp-json\/wp\/v2\/categories?post=71012"},{"taxonomy":"post_tag","embeddable":true,"href":"https:\/\/linitiative.ca\/International\/wp-json\/wp\/v2\/tags?post=71012"}],"curies":[{"name":"wp","href":"https:\/\/api.w.org\/{rel}","templated":true}]}}