{"id":71013,"date":"2019-12-23T09:32:01","date_gmt":"2019-12-23T14:32:01","guid":{"rendered":"https:\/\/linitiative.ca\/International\/universite-dhiver-nissrine-esselaoui-encourage-les-jeunes-mre\/"},"modified":"2019-12-23T09:32:01","modified_gmt":"2019-12-23T14:32:01","slug":"universite-dhiver-nissrine-esselaoui-encourage-les-jeunes-mre","status":"publish","type":"post","link":"https:\/\/linitiative.ca\/International\/universite-dhiver-nissrine-esselaoui-encourage-les-jeunes-mre\/","title":{"rendered":"Universit\u00e9 d\u2019hiver : Nissrine Esselaoui encourage les jeunes MRE"},"content":{"rendered":"<header readability=\"1.35416666667\">\n<div class=\"entry-post-meta\" readability=\"6.66666666667\">\n<div class=\"author-link\">Publi\u00e9 par <a itemprop=\"author\" itemscope=\"\" itemtype=\"https:\/\/schema.org\/Person\" href=\"http:\/\/aujourdhui.ma\/profile\/kaid\" rel=\"author\"><span itemprop=\"name\">ALM<\/span><\/a><\/div>\n<p>Date\u00a0:<time content=\"2019-12-23T15:32:01+00:00\" class=\"entry-date updated\" datetime=\"2019-12-23T15:32:01+00:00\">d\u00e9cembre 23, 2019<\/time><\/p>\n<div class=\"entry-cat\">dans:<a href=\"http:\/\/aujourdhui.ma\/category\/videos\" rel=\"category tag\">Vid\u00e9os<\/a><\/div>\n<p>1Vues<\/p>\n<\/div>\n<\/header>\n<div class=\"entry-content clearfix\" readability=\"37\">\n<p><iframe loading=\"lazy\" width=\"536\" height=\"323\" src=\"\/\/www.youtube.com\/embed\/7AlyVB5QQpc?\" frameborder=\"0\" allowfullscreen=\"\">[embedded content]<\/iframe><\/p>\n<p><span class=\"c4\"><strong>La journaliste, Nissrine Esselouai, install\u00e9e \u00e0 Paris, ne manque pas d\u2019encourager les jeunes MRE lors de la 3\u00e8me universit\u00e9 d\u2019hiver \u00e0 Ifrane. Elle met l\u2019accent sur le soutien offert par les parents de ces jeunes pour les rendre fiers ainsi que la communaut\u00e9 marocaine \u00e0 l\u2019\u00e9tranger.<\/strong><\/span><\/p>\n<\/div>\n<p>Auteur: ALM<br \/>\n<a href=\"http:\/\/aujourdhui.ma\/videos\/universite-dhiver-nissrine-esselaoui-encourage-les-jeunes-mre\">Cliquez ici pour lire l&rsquo;article depuis sa source.<\/a><\/p>\n","protected":false},"excerpt":{"rendered":"<p>Publi\u00e9 par ALM Date\u00a0:d\u00e9cembre 23, 2019 dans:Vid\u00e9os 1Vues [embedded content] La journaliste, Nissrine Esselouai, install\u00e9e \u00e0 Paris, ne manque pas d\u2019encourager les jeunes MRE lors de la 3\u00e8me universit\u00e9 d\u2019hiver \u00e0 Ifrane. Elle met l\u2019accent sur le soutien offert par les parents de ces jeunes pour les rendre fiers ainsi que la communaut\u00e9 marocaine \u00e0 [&hellip;]<\/p>\n","protected":false},"author":1759,"featured_media":0,"comment_status":"closed","ping_status":"closed","sticky":false,"template":"","format":"standard","meta":{"fifu_image_url":"","fifu_image_alt":"","footnotes":""},"categories":[73,54],"tags":[],"class_list":["post-71013","post","type-post","status-publish","format-standard","hentry","category-actualite","category-maroc"],"_links":{"self":[{"href":"https:\/\/linitiative.ca\/International\/wp-json\/wp\/v2\/posts\/71013","targetHints":{"allow":["GET"]}}],"collection":[{"href":"https:\/\/linitiative.ca\/International\/wp-json\/wp\/v2\/posts"}],"about":[{"href":"https:\/\/linitiative.ca\/International\/wp-json\/wp\/v2\/types\/post"}],"author":[{"embeddable":true,"href":"https:\/\/linitiative.ca\/International\/wp-json\/wp\/v2\/users\/1759"}],"replies":[{"embeddable":true,"href":"https:\/\/linitiative.ca\/International\/wp-json\/wp\/v2\/comments?post=71013"}],"version-history":[{"count":0,"href":"https:\/\/linitiative.ca\/International\/wp-json\/wp\/v2\/posts\/71013\/revisions"}],"wp:attachment":[{"href":"https:\/\/linitiative.ca\/International\/wp-json\/wp\/v2\/media?parent=71013"}],"wp:term":[{"taxonomy":"category","embeddable":true,"href":"https:\/\/linitiative.ca\/International\/wp-json\/wp\/v2\/categories?post=71013"},{"taxonomy":"post_tag","embeddable":true,"href":"https:\/\/linitiative.ca\/International\/wp-json\/wp\/v2\/tags?post=71013"}],"curies":[{"name":"wp","href":"https:\/\/api.w.org\/{rel}","templated":true}]}}