{"id":71016,"date":"2019-12-23T06:04:39","date_gmt":"2019-12-23T11:04:39","guid":{"rendered":"https:\/\/linitiative.ca\/International\/cloture-des-assises-nationales-de-la-regionalisation-avancee\/"},"modified":"2019-12-23T06:04:39","modified_gmt":"2019-12-23T11:04:39","slug":"cloture-des-assises-nationales-de-la-regionalisation-avancee","status":"publish","type":"post","link":"https:\/\/linitiative.ca\/International\/cloture-des-assises-nationales-de-la-regionalisation-avancee\/","title":{"rendered":"Cl\u00f4ture des assises nationales de la r\u00e9gionalisation avanc\u00e9e"},"content":{"rendered":"<p class=\"has-text-color has-vivid-red-color c2\"><strong>Vers la concr\u00e9tisation du second round<\/strong><\/p>\n<p class=\"has-text-color has-vivid-cyan-blue-color\"><strong>Apr\u00e8s deux jours d\u2019affil\u00e9e sur l\u2019immense place d\u2019Al Amal \u00e0 Agadir, les participants aux ateliers des premi\u00e8res assises nationales de la r\u00e9gionalisation avanc\u00e9e ont clos les travaux de r\u00e9flexion et d\u2019\u00e9change, autour des axes mis \u00e0 contribution.<\/strong><\/p>\n<p>Plus de mille cinq cents s\u00e9minaristes ont contribu\u00e9 au d\u00e9bat libre et approfondie sur la gestion et la mission des r\u00e9gions, la gouvernance, \u00a0l\u2019approche participative, la coop\u00e9ration et la gestion financi\u00e8re, la promotion du territoire r\u00e9gional et la lutte contre la disparit\u00e9 sociale\u2026Autant de th\u00e9matiques qui constituent les piliers de l\u2019action de la r\u00e9gion. Au terme de ce premier rendez-vous qui advient apr\u00e8s quatre d\u2019exercice de cette nouvelle exp\u00e9rience au niveau de la d\u00e9centralisation, le pr\u00e9sident du conseil de la r\u00e9gion Souss Massa a donn\u00e9 lecture du rapport des conclusions de chaque atelier, parmi les six du colloque, avant que le ministre de l\u2019Int\u00e9rieur ne fasse une synth\u00e8se finale de la rencontre qui se tient d\u00e9sormais tous les deux ans.<\/p>\n<p>Il est \u00e0 rappeler que ce colloque qui a connu, en fait, un succ\u00e8s \u00e9clatant pourvu que ses recommandations voient le jour, au service de la d\u00e9mocratie locale et de la d\u00e9centralisation des pouvoirs vers les r\u00e9gions, a s\u00e9cr\u00e9t\u00e9 des suggestions fort repens\u00e9es comme suit\u00a0:<\/p>\n<ol>\n<li>Renforcer les m\u00e9canismes de la planification territoriale en harmonie avec les politiques g\u00e9n\u00e9rales de l\u2019Etat, au niveau de l\u2019am\u00e9nagement du territoire, de l\u2019action de convertibilit\u00e9, de la coh\u00e9rence des programmes du d\u00e9veloppement r\u00e9gional et des plans sectoriels<\/li>\n<li>Mettre en \u0153uvre la justice spatiale, en tant que priorit\u00e9 dans les politiques publiques pour att\u00e9nuer les in\u00e9galit\u00e9s sociales territoriales<\/li>\n<li>Appeler les r\u00e9gions \u00e0 l\u2019adh\u00e9sion \u00e0 l\u2019\u00e9laboration effective des principes et des objectifs que renferme le nouveau syst\u00e8me de la gestion budg\u00e9taire et financi\u00e8re, en pr\u00f4nant la programmation pluri-annuelle qui mette en en pr\u00e9sence l\u2019efficience, l\u2019efficacit\u00e9 et la qualit\u00e9<\/li>\n<li>Inciter l\u2019Etat \u00e0 poursuivre les initiatives \u00e0 appuyer les capacit\u00e9s des ragions au niveau de la gouvernance et de la gestion financi\u00e8re et \u00e0 diversifier les sources de financement des r\u00e9gions, \u00e0 travers des solutions invent\u00e9es afin de financer leurs programmes d\u2019investissement<\/li>\n<li>Parapher des contrats-programmes entre l\u2019Etat et les communes territoriales autour des pr\u00e9rogatives transmises pour assurer la participation de l\u2019ensemble aux programmes de d\u00e9veloppement r\u00e9gional et \u00e0 la mobilisation des ressources suffisantes \u00e0 ex\u00e9cuter<\/li>\n<li>Garantir l\u2019implication des services centraux des secteurs minist\u00e9riels et des institutions publiques pour la muse en application de la charte de la d\u00e9concentration, par le biais de l\u2019octroi de plus d\u2019attributions et de transmission des ressources suffisantes aux services ext\u00e9rieurs en vue de leur permettre de s\u2019acquitter de leurs t\u00e2ches assign\u00e9es, d\u2019une mani\u00e8re efficace et \u00e9difiante.<\/li>\n<li>Ouvrir des chantiers relatifs \u00e0 l\u2019ad\u00e9quation l\u00e9gislative et organisationnelle aux attributions assign\u00e9es aux diff\u00e9rents secteurs minist\u00e9riels en corr\u00e9lation avec celles de la r\u00e9gion inh\u00e9rentes auxquelles m\u00eames domaines<\/li>\n<li>D\u00e9terminer le minimum commun des attributions qui sont cens\u00e9es \u00eatre, en premier lieu, vir\u00e9es aux r\u00e9gions, avec, en priorit\u00e9, les attributions relatives aux domaines et services qui concerne ma directement les citoyens et am\u00e9liorent leur niveau de vie<\/li>\n<li>Renforcer les comp\u00e9tences des communes territoriales autour des m\u00e9canismes de la d\u00e9mocratie inclusive, l\u2019information et la communication avec les populations et la soci\u00e9t\u00e9 civile<\/li>\n<li>Fortifier l\u2019ouverture de la r\u00e9gion sur le citoyen et la soci\u00e9t\u00e9 civile pour leur permettre de contribuer en g\u00e9n\u00e9ral au d\u00e9veloppement r\u00e9gional int\u00e9grant<\/li>\n<li>Relever les aptitudes de gestion chez la direction de la r\u00e9gion, \u00e0 travers des moyens de drainage de hautes comp\u00e9tences relatives aux attributions de la r\u00e9gion et consolider l\u2019attractivit\u00e9 de l\u2019administration de la r\u00e9gion, par l\u2019adoption d\u2019un statut sp\u00e9cifique des fonctionnaires des communes territoriales qui prend en consid\u00e9ration les sp\u00e9cificit\u00e9s et la nature des missions assign\u00e9es<\/li>\n<\/ol>\n<p>Mettre en avant des m\u00e9canismes de gouvernance et activer les proc\u00e9d\u00e9s de coordination et de communication entre la direction de la r\u00e9gion et les divers intervenants.<\/p>\n<p class=\"c3\"><strong>Saoudi El Amalki<\/strong><\/p>\n<p>Auteur: M&rsquo;hammed rahal<br \/>\n<a href=\"http:\/\/albayane.press.ma\/cloture-des-assises-nationales-de-la-regionalisation-avancee.html\">Cliquez ici pour lire l&rsquo;article depuis sa source.<\/a><\/p>\n","protected":false},"excerpt":{"rendered":"<p>Vers la concr\u00e9tisation du second round Apr\u00e8s deux jours d\u2019affil\u00e9e sur l\u2019immense place d\u2019Al Amal \u00e0 Agadir, les participants aux ateliers des premi\u00e8res assises nationales de la r\u00e9gionalisation avanc\u00e9e ont clos les travaux de r\u00e9flexion et d\u2019\u00e9change, autour des axes mis \u00e0 contribution. Plus de mille cinq cents s\u00e9minaristes ont contribu\u00e9 au d\u00e9bat libre et [&hellip;]<\/p>\n","protected":false},"author":1760,"featured_media":0,"comment_status":"closed","ping_status":"closed","sticky":false,"template":"","format":"standard","meta":{"fifu_image_url":"","fifu_image_alt":"","footnotes":""},"categories":[73,54],"tags":[],"class_list":["post-71016","post","type-post","status-publish","format-standard","hentry","category-actualite","category-maroc"],"_links":{"self":[{"href":"https:\/\/linitiative.ca\/International\/wp-json\/wp\/v2\/posts\/71016","targetHints":{"allow":["GET"]}}],"collection":[{"href":"https:\/\/linitiative.ca\/International\/wp-json\/wp\/v2\/posts"}],"about":[{"href":"https:\/\/linitiative.ca\/International\/wp-json\/wp\/v2\/types\/post"}],"author":[{"embeddable":true,"href":"https:\/\/linitiative.ca\/International\/wp-json\/wp\/v2\/users\/1760"}],"replies":[{"embeddable":true,"href":"https:\/\/linitiative.ca\/International\/wp-json\/wp\/v2\/comments?post=71016"}],"version-history":[{"count":0,"href":"https:\/\/linitiative.ca\/International\/wp-json\/wp\/v2\/posts\/71016\/revisions"}],"wp:attachment":[{"href":"https:\/\/linitiative.ca\/International\/wp-json\/wp\/v2\/media?parent=71016"}],"wp:term":[{"taxonomy":"category","embeddable":true,"href":"https:\/\/linitiative.ca\/International\/wp-json\/wp\/v2\/categories?post=71016"},{"taxonomy":"post_tag","embeddable":true,"href":"https:\/\/linitiative.ca\/International\/wp-json\/wp\/v2\/tags?post=71016"}],"curies":[{"name":"wp","href":"https:\/\/api.w.org\/{rel}","templated":true}]}}