{"id":71017,"date":"2019-12-23T06:17:02","date_gmt":"2019-12-23T11:17:02","guid":{"rendered":"https:\/\/linitiative.ca\/International\/jeunes-et-participation-politique\/"},"modified":"2019-12-23T06:17:02","modified_gmt":"2019-12-23T11:17:02","slug":"jeunes-et-participation-politique","status":"publish","type":"post","link":"https:\/\/linitiative.ca\/International\/jeunes-et-participation-politique\/","title":{"rendered":"Jeunes et participation politique"},"content":{"rendered":"<p class=\"has-text-color has-vivid-red-color c2\"><strong>Rachid Roukbane: \u00abLa jeunesse a d\u00e9velopp\u00e9 sa propre mani\u00e8re de faire de la politique\u00bb<\/strong><\/p>\n<p class=\"has-text-color has-vivid-cyan-blue-color\"><strong>\u00abLe d\u00e9sint\u00e9ressement des jeunes \u00e0 l\u2019action politique est le r\u00e9sultat de plusieurs variables qui sont d\u2019ordre structurel\u00bb, ont soulign\u00e9 les participants \u00e0 la table ronde ayant eu lieu\u00a0 samedi 21 d\u00e9cembre \u00e0 Casablanca et initi\u00e9e par la d\u00e9l\u00e9gation Hay El Hassani de l\u2019Organisation Scout Jawal et la section locale de la Jeunesse socialiste.<\/strong><\/p>\n<p>Il va sans dire, selon les participants, que la d\u00e9saffection des jeunes doit \u00eatre comprise dans\u00a0 un sens global loin des approches r\u00e9ductionnistes.<\/p>\n<p>Prenant la parole, Rachid Roukbane, membre du bureau politique du Parti du progr\u00e8s et du socialisme (PPS), a mis l\u2019accent les facteurs exog\u00e8nes qui pourraient constituer une v\u00e9ritable menace pour la stabilit\u00e9 du pays, faisant allusion dans ce sens au discours royal prononc\u00e9 en 2016 lors du sommet Maroc-Pays du Golf \u00e0 Ryad, o\u00f9 le Souverain a relev\u00e9 les d\u00e9fis qui guettent la r\u00e9gion, vivant \u00abau rythme de tentatives de changement de r\u00e9gimes et de partition des Etats, comme c\u2019est le cas en Syrie, en Irak et en Libye\u2026\u00bb.<\/p>\n<p>Le conf\u00e9rencier a tenu de souligner que l\u2019action politique est un concept polys\u00e9mique et que les sir\u00e8nes d\u2019alerte\u00a0 faisant \u00e9tat d\u2019une rupture entre les jeunes et l\u2019action politique, doivent \u00eatre mises en sourdine. Pour le militant du PPS, Il est vrai que cette cat\u00e9gorie sociale boude le champ politique actuel, mais en parall\u00e8le elle\u00a0 a d\u00e9velopp\u00e9 sa propre mani\u00e8re de faire de la politique autrement.<\/p>\n<p>Selon l\u2019intervenant, la\u00a0 conscientisation des jeunes \u00e0 l\u2019\u00e9gard de l\u2019action politique n\u2019a cess\u00e9 de prendre l\u2019ampleur ces derni\u00e8res ann\u00e9es et a pris d\u2019autres formes d\u2019expression qui s\u2019inscrivent aux antipodes des pratiques traditionnelles. Cela \u00e9tant, a-t-il insist\u00e9, les jeunes sont omnipr\u00e9sents dans l\u2019espace public et expriment leurs revendications par d\u2019autres moyens, tels\u00a0 les slogans scand\u00e9s dans les stades de football, des chansons v\u00e9hicul\u00e9es sur les r\u00e9seaux sociaux, ou encore d\u2019autres formes protestataires, tel les mouvements de boycott, entre autres tout en rappelant les multiples mouvements de protestation sociale qu\u2019a connus le Royaume dans plusieurs r\u00e9gions, notamment au Rif, Jerada, Zagora.\u00a0 Des expressions sociales qui sont parfois spontan\u00e9es voire non-encadr\u00e9es et peuvent avoir des cons\u00e9quences perverses, a-t-il not\u00e9. Et la solution pour le docteur en science politique, consiste d\u2019abord\u00a0 \u00e0 faire preuve d\u2019empathie afin de comprendre les revendications des citoyens et trouver, par cons\u00e9quent, une issue de sortie.<\/p>\n<p>Pour ce faire, les d\u00e9cideurs sont dans l\u2019obligation de r\u00e9unir les conditions permettant une mutation \u00e9conomique, a-t-il indiqu\u00e9. \u00a0Autre point non moins important, consiste \u00e0 entamer une v\u00e9ritable dynamique de d\u00e9mocratisation du champ politique, une condition sin qua pour\u00a0 faire aboutir l\u2019ensemble des r\u00e9formes, a-t-il martel\u00e9. Abondant dans le m\u00eame ordre d\u2019id\u00e9es, Rachid Roukbane a mis en garde contre les campagnes syst\u00e9matiques men\u00e9es par certains m\u00e9dias visant le d\u00e9nigrement\u00a0 de l\u2019action des partis politiques et la diabolisation des \u00e9lus de nation. \u00abLa stabilit\u00e9 du pays requiert le renforcement du front int\u00e9rieur pour faire face aux menaces ext\u00e9rieures dans le dessein d\u2019assurer la stabilit\u00e9 du pays. L\u2019int\u00e9r\u00eat supr\u00eame de la nation oblige!\u00bb, a-t-il ass\u00e9n\u00e9.<\/p>\n<p><strong>Un discours direct et innovant<\/strong><\/p>\n<p>Malheureusement, certains partis obs\u00e9d\u00e9s par la logique \u00e9lectoraliste n\u2019ont fait qu\u2019aggraver la situation en inspirant de la r\u00e9pugnance aux citoyens, a-t-il not\u00e9 en substance. Il faut dire, selon le conf\u00e9rencier, que \u00a0la r\u00e9habilitation de l\u2019action politique n\u00e9cessite un souffle d\u00e9mocratique nouveau et un champ politique dot\u00e9 de partis politiques \u00a0forts, automnes et maitres de leurs d\u00e9cisions, a-t-il conclu.<\/p>\n<p>De son c\u00f4t\u00e9,\u00a0 Abdelkebir Khchichen, membre du bureau national de l\u2019Union socialiste des forces populaires (USFP), s\u2019est attel\u00e9 dans son intervention sur les handicaps entravant l\u2019adh\u00e9sion des jeunes aux partis politiques. En fait, selon une \u00e9tude r\u00e9alis\u00e9e r\u00e9cemment, 70% des jeunes interview\u00e9s ont exprim\u00e9 un d\u00e9sint\u00e9r\u00eat total \u00e0 l\u2019action politique, alors que seulement 5% ont manifest\u00e9 un avis favorable. Pire encore, 80% des jeunes ont rejet\u00e9 cat\u00e9goriquement l\u2019id\u00e9e d\u2019int\u00e9grer un parti politique, a-t-il fait savoir. Pour le militant de l\u2019USFP,\u00a0 \u00abl\u2019absent\u00e9isme politique\u00bb des jeunes demeure une responsabilit\u00e9 partag\u00e9e entre l\u2019Etat et les partis politiques. Ces derniers, \u00e0 cause des guerres intestines ont cr\u00e9e un hiatus abyssal entre les jeunes et le champ politique, a-t-il not\u00e9. Qui plus, certaines associations de la soci\u00e9t\u00e9 civile, au nom de la d\u00e9mocratie, ont cr\u00e9\u00e9 une image n\u00e9gative chez les jeunes, en s\u2019acharnant sans cesse \u00e0 d\u00e9nigrer les structures politiques et tirer \u00e0 bouler rouges sur les acteurs politiques, a-t-il fait constat\u00e9. Pour\u00a0 lui,\u00a0 les partis politiques doivent se livrer \u00e0 un exercice d\u2019autocritique afin de dresser le bilan et \u00e9tablir les mesures qui s\u2019imposent, \u00e0 commencer par l\u2019adoption d\u2019un discours politique direct et innovant, sans ambages ni tergiversations.<\/p>\n<p class=\"c3\"><strong>Khalid Darfaf<\/strong><\/p>\n<p>Auteur: M&rsquo;hammed rahal<br \/>\n<a href=\"http:\/\/albayane.press.ma\/jeunes-et-participation-politique.html\">Cliquez ici pour lire l&rsquo;article depuis sa source.<\/a><\/p>\n","protected":false},"excerpt":{"rendered":"<p>Rachid Roukbane: \u00abLa jeunesse a d\u00e9velopp\u00e9 sa propre mani\u00e8re de faire de la politique\u00bb \u00abLe d\u00e9sint\u00e9ressement des jeunes \u00e0 l\u2019action politique est le r\u00e9sultat de plusieurs variables qui sont d\u2019ordre structurel\u00bb, ont soulign\u00e9 les participants \u00e0 la table ronde ayant eu lieu\u00a0 samedi 21 d\u00e9cembre \u00e0 Casablanca et initi\u00e9e par la d\u00e9l\u00e9gation Hay El Hassani [&hellip;]<\/p>\n","protected":false},"author":1760,"featured_media":0,"comment_status":"closed","ping_status":"closed","sticky":false,"template":"","format":"standard","meta":{"fifu_image_url":"","fifu_image_alt":"","footnotes":""},"categories":[73,54],"tags":[],"class_list":["post-71017","post","type-post","status-publish","format-standard","hentry","category-actualite","category-maroc"],"_links":{"self":[{"href":"https:\/\/linitiative.ca\/International\/wp-json\/wp\/v2\/posts\/71017","targetHints":{"allow":["GET"]}}],"collection":[{"href":"https:\/\/linitiative.ca\/International\/wp-json\/wp\/v2\/posts"}],"about":[{"href":"https:\/\/linitiative.ca\/International\/wp-json\/wp\/v2\/types\/post"}],"author":[{"embeddable":true,"href":"https:\/\/linitiative.ca\/International\/wp-json\/wp\/v2\/users\/1760"}],"replies":[{"embeddable":true,"href":"https:\/\/linitiative.ca\/International\/wp-json\/wp\/v2\/comments?post=71017"}],"version-history":[{"count":0,"href":"https:\/\/linitiative.ca\/International\/wp-json\/wp\/v2\/posts\/71017\/revisions"}],"wp:attachment":[{"href":"https:\/\/linitiative.ca\/International\/wp-json\/wp\/v2\/media?parent=71017"}],"wp:term":[{"taxonomy":"category","embeddable":true,"href":"https:\/\/linitiative.ca\/International\/wp-json\/wp\/v2\/categories?post=71017"},{"taxonomy":"post_tag","embeddable":true,"href":"https:\/\/linitiative.ca\/International\/wp-json\/wp\/v2\/tags?post=71017"}],"curies":[{"name":"wp","href":"https:\/\/api.w.org\/{rel}","templated":true}]}}