{"id":71018,"date":"2019-12-23T06:26:30","date_gmt":"2019-12-23T11:26:30","guid":{"rendered":"https:\/\/linitiative.ca\/International\/maroc-chili-renforcement-des-relations-bilaterales\/"},"modified":"2019-12-23T06:26:30","modified_gmt":"2019-12-23T11:26:30","slug":"maroc-chili-renforcement-des-relations-bilaterales","status":"publish","type":"post","link":"https:\/\/linitiative.ca\/International\/maroc-chili-renforcement-des-relations-bilaterales\/","title":{"rendered":"Maroc-Chili: renforcement des relations bilat\u00e9rales"},"content":{"rendered":"<p class=\"has-text-color has-vivid-cyan-blue-color\"><strong>L\u2019ann\u00e9e 2019 a \u00e9t\u00e9 plac\u00e9e sous le signe du renforcement des relations bilat\u00e9rales entre le Maroc et le Chili et la diversification des domaines de la coop\u00e9ration entre les deux pays.<\/strong><\/p>\n<p>Cette ann\u00e9e a \u00e9t\u00e9 marqu\u00e9e par la visite officielle du ministre des Affaires \u00e9trang\u00e8res, de la Coop\u00e9ration africaine et des Marocains r\u00e9sidant \u00e0 l\u2019\u00e9tranger, Nasser Bourita.<\/p>\n<p>Lors de ce d\u00e9placement, le Chili a exprim\u00e9, vendredi 14 juin 2019, son appui au Plan d\u2019autonomie propos\u00e9 par le Royaume du Maroc ainsi que ses efforts s\u00e9rieux en vue de parvenir \u00e0 une solution politique r\u00e9aliste, viable et d\u00e9finitive au diff\u00e9rend r\u00e9gional autour du Sahara marocain.<\/p>\n<p>Dans un communiqu\u00e9 conjoint sanctionnant cette visite officielle, le Chili a affirm\u00e9 son \u00ab\u00a0soutien aux efforts du Secr\u00e9taire G\u00e9n\u00e9ral des Nations Unies et de son Envoy\u00e9 Personnel, ainsi qu\u2019aux efforts s\u00e9rieux du Maroc et au Plan d\u2019autonomie en vue de parvenir \u00e0 une solution politique r\u00e9aliste, viable et d\u00e9finitive\u00a0\u00bb \u00e0 la question du Sahara.<\/p>\n<p>M. Bourita, a \u00e9t\u00e9 \u00e9galement re\u00e7u en audience au Palais de la Moneda, par le pr\u00e9sident chilien Sebasti\u00e1n Pi\u00f1era auquel il a transmis un message verbal de SM le Roi Mohammed VI.<\/p>\n<p>Lors de cette audience, M. Bourita a \u00e9galement transmis au Pr\u00e9sident Pinera les salutations de SM le Roi.<\/p>\n<p>Dans ce message verbal, le Souverain a r\u00e9affirm\u00e9 la volont\u00e9 du Maroc de d\u00e9velopper davantage les relations existantes entre le Maroc et le Chili dans les diff\u00e9rents domaines.<\/p>\n<p>Lors de cette audience, M. Pinera a exprim\u00e9 l\u2019int\u00e9r\u00eat du Chili \u00e0 promouvoir la coop\u00e9ration \u00e9conomique bilat\u00e9rale et d\u2019augmenter le flux des \u00e9changes de biens et de services avec le Maroc.<br \/>Quant au pr\u00e9sident chilien, il a mis l\u2019accent sur l\u2019importance d\u2019approfondir la coop\u00e9ration bilat\u00e9rale dans les domaines de la culture, de l\u2019\u00e9nergie et de l\u2019\u00e9ducation.<\/p>\n<p>Pour le pr\u00e9sident du S\u00e9nat chilien, Jaime Quintana, SM le Roi Mohammed VI joue un r\u00f4le important et b\u00e9n\u00e9ficie d\u2019un leadership dans le monde arabo-musulman et en Afrique.<\/p>\n<p>Dans une d\u00e9claration \u00e0 la MAP \u00e0 l\u2019issue de ses entretiens, au si\u00e8ge du Congr\u00e8s \u00e0 Santiago, avec M. Bourita, M. Quintana a rappel\u00e9 la solidit\u00e9 et la force des relations entre le Maroc et le Chili, saluant le r\u00f4le central du Maroc dans ses relations avec le Chili.<\/p>\n<p>Dans le volet culturel, l\u2019ann\u00e9e \u00e9coul\u00e9e a \u00e9t\u00e9 riche en activit\u00e9s et en \u00e9change de visites entre le Maroc et le Chili.<\/p>\n<p>L\u2019Ambassade du Maroc au Chili, a pris part, lundi 25 mars 2019 en d\u00e9but de soir\u00e9e, \u00e0 la c\u00e9r\u00e9monie de lancement du mois de la Francophonie, un \u00e9v\u00e8nement socioculturel riche en couleurs organis\u00e9 par les repr\u00e9sentations diplomatiques francophones pr\u00e9sentes \u00e0 Santiago du Chili.<\/p>\n<p>Le Maroc a particip\u00e9 \u00e0 cet \u00e9v\u00e8nement culturel par le biais de plusieurs activit\u00e9s dont la projection du film \u00ab\u00a0Aida La Revenante\u00a0\u00bb du r\u00e9alisateur Driss Mrini.<\/p>\n<p>D\u00e9but avril, le Centre culturel Mohammed VI pour le dialogue des civilisations de Coquimbo au Chili a annonc\u00e9 la publication d\u2019une s\u00e9rie d\u2019ouvrages en langue espagnole dans le but de rapprocher les lecteurs chiliens et hispanophones de la culture marocaine et de ses richesses.<\/p>\n<p>Au volet social, un Iftar collectif et multiconfessionnel a r\u00e9uni, jeudi 23 mai 2019 \u00e0 Santiago, plusieurs personnalit\u00e9s de diff\u00e9rentes nationalit\u00e9s et confessions sous le signe de la convivialit\u00e9 et du partage des valeurs de fraternit\u00e9 et de solidarit\u00e9 propres au mois sacr\u00e9 de Ramadan.<\/p>\n<p>De m\u00eame, l\u2019Institut des \u00e9tudes internationales de l\u2019Universit\u00e9 du Chili a organis\u00e9, jeudi 23 mai 2019 \u00e0 Santiago, une conf\u00e9rence intitul\u00e9e \u00ab\u00a0Les femmes marocaines: r\u00e9alit\u00e9 et perspectives\u00a0\u00bb pr\u00e9sent\u00e9e par l\u2019ambassadeur du Maroc au Chili, Kenza Elghali.<\/p>\n<p>En \u00e9conomie, l\u2019ann\u00e9e \u00e9coul\u00e9e a \u00e9t\u00e9 marqu\u00e9e par l\u2019organisation \u00e0 Santiago du Chili des travaux du 61\u00e8me Congr\u00e8s de l\u2019AIELF avec la participation d\u2019une importante d\u00e9l\u00e9gation acad\u00e9mique marocaine rehauss\u00e9e par la pr\u00e9sence de M. Driss Guerraoui, pr\u00e9sident du Conseil de la concurrence.<\/p>\n<p>En outre, un m\u00e9morandum d\u2019entente a \u00e9t\u00e9 sign\u00e9, mardi 28 mai 2019 \u00e0 Santiago, entre le Conseil de la concurrence du Royaume du Maroc et le Bureau du Procureur \u00e9conomique national du Chili avec pour objectif de promouvoir la coop\u00e9ration bilat\u00e9rale entre les deux instances.<\/p>\n<p>D\u2019autre part, l\u2019Universit\u00e9 Bernardo O\u2019Higgins et l\u2019Universit\u00e9 Ouverte de Dakhla ont sign\u00e9, mardi 28 mai 2019 \u00e0 Santiago du Chili, un accord de coop\u00e9ration internationale visant \u00e0 promouvoir la coop\u00e9ration acad\u00e9mique et la recherche scientifique entre les deux institutions.<\/p>\n<p>De m\u00eame, un accord de coop\u00e9ration internationale a \u00e9t\u00e9 sign\u00e9, jeudi 30 mai 2019 \u00e0 Santiago, entre l\u2019Universit\u00e9 Ouverte de Dakhla et l\u2019Universit\u00e9 de Playa Ancha du Chili.<\/p>\n<p>En sport, le Maroc a sign\u00e9 une participation distingu\u00e9e aux Mondiaux de Karat\u00e9 des jeunes organis\u00e9s en octobre dernier \u00e0 Santiago du Chili.<\/p>\n<p>Avec 10 m\u00e9dailles, dont trois en or, le Maroc s\u2019est class\u00e9 4\u00e8me aux Mondiaux de Karat\u00e9 des jeunes au Chili sur un total de 40 pays figurant dans le tableau de m\u00e9dailles.<\/p>\n<p>Lors de ces Championnats du monde de karat\u00e9 r\u00e9serv\u00e9s aux cadets, juniors et U21, organis\u00e9s du 23 au 27 octobre \u00e0 Santiago du Chili, le Maroc a r\u00e9colt\u00e9 trois m\u00e9dailles en or, deux d\u2019argent et cinq en bronze, se pla\u00e7ant ainsi derri\u00e8re l\u2019\u00c9gypte (18 m\u00e9dailles), la Turquie (15 m\u00e9dailles) et la France (12 m\u00e9dailles).<\/p>\n<p>Le Maroc a particip\u00e9 \u00e0 cet \u00e9v\u00e8nement mondial avec une vingtaine d\u2019athl\u00e8tes, 13 gar\u00e7ons et 11 filles, dans diff\u00e9rentes cat\u00e9gories et poids.<\/p>\n<p>Dans le domaine de la formation, une convention-cadre de partenariat a \u00e9t\u00e9 sign\u00e9e, mardi 3 d\u00e9cembre 2019 \u00e0 Santiago du Chili, entre l\u2019Institut sup\u00e9rieur international de tourisme de Tanger (ISITT) et l\u2019Universit\u00e9 Santo Tomas. En somme l\u2019ann\u00e9e 2019 a \u00e9t\u00e9 riche en \u00e9v\u00e8nements et en \u00e9change entre les deux pays appel\u00e9s \u00e0 davantage de coop\u00e9ration et de promotion de leurs \u00e9changes.<\/p>\n<p>Auteur: M&rsquo;hammed rahal<br \/>\n<a href=\"http:\/\/albayane.press.ma\/maroc-chili-renforcement-des-relations-bilaterales.html\">Cliquez ici pour lire l&rsquo;article depuis sa source.<\/a><\/p>\n","protected":false},"excerpt":{"rendered":"<p>L\u2019ann\u00e9e 2019 a \u00e9t\u00e9 plac\u00e9e sous le signe du renforcement des relations bilat\u00e9rales entre le Maroc et le Chili et la diversification des domaines de la coop\u00e9ration entre les deux pays. Cette ann\u00e9e a \u00e9t\u00e9 marqu\u00e9e par la visite officielle du ministre des Affaires \u00e9trang\u00e8res, de la Coop\u00e9ration africaine et des Marocains r\u00e9sidant \u00e0 l\u2019\u00e9tranger, [&hellip;]<\/p>\n","protected":false},"author":1760,"featured_media":0,"comment_status":"closed","ping_status":"closed","sticky":false,"template":"","format":"standard","meta":{"fifu_image_url":"","fifu_image_alt":"","footnotes":""},"categories":[73,54],"tags":[],"class_list":["post-71018","post","type-post","status-publish","format-standard","hentry","category-actualite","category-maroc"],"_links":{"self":[{"href":"https:\/\/linitiative.ca\/International\/wp-json\/wp\/v2\/posts\/71018","targetHints":{"allow":["GET"]}}],"collection":[{"href":"https:\/\/linitiative.ca\/International\/wp-json\/wp\/v2\/posts"}],"about":[{"href":"https:\/\/linitiative.ca\/International\/wp-json\/wp\/v2\/types\/post"}],"author":[{"embeddable":true,"href":"https:\/\/linitiative.ca\/International\/wp-json\/wp\/v2\/users\/1760"}],"replies":[{"embeddable":true,"href":"https:\/\/linitiative.ca\/International\/wp-json\/wp\/v2\/comments?post=71018"}],"version-history":[{"count":0,"href":"https:\/\/linitiative.ca\/International\/wp-json\/wp\/v2\/posts\/71018\/revisions"}],"wp:attachment":[{"href":"https:\/\/linitiative.ca\/International\/wp-json\/wp\/v2\/media?parent=71018"}],"wp:term":[{"taxonomy":"category","embeddable":true,"href":"https:\/\/linitiative.ca\/International\/wp-json\/wp\/v2\/categories?post=71018"},{"taxonomy":"post_tag","embeddable":true,"href":"https:\/\/linitiative.ca\/International\/wp-json\/wp\/v2\/tags?post=71018"}],"curies":[{"name":"wp","href":"https:\/\/api.w.org\/{rel}","templated":true}]}}