{"id":71019,"date":"2019-12-23T13:04:01","date_gmt":"2019-12-23T18:04:01","guid":{"rendered":"https:\/\/linitiative.ca\/International\/journees-du-theatre-amazigh-dalger-sin-nni-un-quiproquo-entre-deux-visions-existentielles\/"},"modified":"2019-12-23T13:04:01","modified_gmt":"2019-12-23T18:04:01","slug":"journees-du-theatre-amazigh-dalger-sin-nni-un-quiproquo-entre-deux-visions-existentielles","status":"publish","type":"post","link":"https:\/\/linitiative.ca\/International\/journees-du-theatre-amazigh-dalger-sin-nni-un-quiproquo-entre-deux-visions-existentielles\/","title":{"rendered":"Journ\u00e9es du Th\u00e9\u00e2tre amazigh d\u2019Alger: \u00ab\u00a0Sin-nni\u00a0\u00bb, un quiproquo entre deux visions existentielles"},"content":{"rendered":"<div readability=\"37\">\n<p><strong>ALGER- La pi\u00e8ce de th\u00e9\u00e2tre \u00ab\u00a0Sin-nni\u00a0\u00bb (ces deux l\u00e0), une tragi-com\u00e9die qui rend compte d\u2019une confrontation entre deux visions existentielles diff\u00e9rentes, l\u2019une dans le monde des choses et l\u2019autre dans celui des id\u00e9es, a \u00e9t\u00e9 pr\u00e9sent\u00e9e dimanche soir \u00e0 Alger.<\/strong><\/p>\n<\/div>\n<div readability=\"111\">\n<p>Accueilli au Th\u00e9\u00e2tre national Mahieddine-Bachtarzi (Tna), le spectacle, programm\u00e9 dans le cadre des Premi\u00e8res Journ\u00e9es nationales du Th\u00e9\u00e2tre amazigh d\u2019Alger, a \u00e9t\u00e9 mis en sc\u00e8ne par Sadek Yousfi sur une adaptation du regrett\u00e9 Abdellah Mohia (Muhend U yahia) (1950-2004),\u00a0 tir\u00e9e du texte, \u00ab\u00a0Les\u00a0Emigr\u00e9s\u00a0\u00bb du Polonais Slawomir Mrozek (1930-2013).<\/p>\n<blockquote readability=\"16\">\n<p><em><strong>Contraints \u00e0 cohabiter dans une vieille cave d\u2019un immeuble \u00e0 Paris pour se partager le loyer, deux antagonistes, que tout oppose, vont nourrir, 65 mn durant, un quiproquo inextricable, brillamment rendus par Yalah Mohand Ouidir dans le r\u00f4le de l\u2019\u00a0\u00bbintellectuel\u00a0\u00bb, et Ouz\u00efen Rahmouni, dans celui de l\u2019Ouvrier\u00a0\u00bb.<\/strong><\/em><\/p>\n<\/blockquote>\n<p>Ainsi, et pendant que l\u2019un essaye de d\u00e9velopper sa vision sur la place de l\u2019intellectuel dans l\u2019\u00e9volution de la soci\u00e9t\u00e9, l\u2019autre, sans g\u00eane aucune, va se souvenir des diff\u00e9rentes cat\u00e9gories de mouches envahissant le\u00a0quotidien des gens dans son village, ne pensant ensuite, qu\u2019\u00e0 se remplir les poches pour revenir chez lui et construire son hypoth\u00e9tique usine.<\/p>\n<p>L\u2019intellectuel, s\u2019av\u00e9rant \u00eatre un \u00e9crivain qui voulait \u00e9crire un livre sur la vie des ouvriers \u00e9migr\u00e9s, d\u2019o\u00f9 sa situation de colocataire, b\u00e9n\u00e9ficiait \u00e9galement du statut de refugi\u00e9 politique, ce que son camarade ne savait nullement et ne pu accepter, car se sentant trahi.<\/p>\n<p>S\u2019adonnant \u00e0 la boisson pour f\u00eater la nouvelle ann\u00e9e, les esprits, reposant sur un profond mal \u00eatre, s\u2019\u00e9chauffent vite et les deux hommes, n\u2019arrivant plus \u00e0 s\u2019entendre, vont continuer \u00e0 entretenir un dialogue de sourds, pour sombrer ensuite dans la fatalit\u00e9.<\/p>\n<p>Dans une sc\u00e9nographie fonctionnelle, \u0153uvre du metteur en sc\u00e8ne, les com\u00e9diens, ont bien port\u00e9 le texte, occupant tous les espaces de la sc\u00e8ne et utilisant tous les accessoires, dans un rythme ascendant aux \u00e9changes vifs.<\/p>\n<blockquote readability=\"10\">\n<p><em><strong>Des airs musicaux du patrimoine, ceux de Slimane Azem et des troupes folkloriques kabyles notamment, ont ramen\u00e9 la trame dans des atmosph\u00e8res autochtones, profitant des aptitudes des deux com\u00e9diens \u00e0 chanter juste.<\/strong><\/em><\/p>\n<\/blockquote>\n<p>A d\u2019autres moments, des enregistrements de musiques dans les genres, Passo dobble (espagnol), Funk ou encore Ra\u00ef ont bien servi diff\u00e9rentes situations du spectacle.<\/p>\n<p>Applaudissant longtemps les artistes \u00e0 l\u2019issue de leur prestation, l\u2019assistance peu nombreuse certes mais recueillie, a savour\u00e9 dans l\u2019all\u00e9gresse et la volupt\u00e9 tous les instants du spectacle \u00ab\u00a0Sin-nni\u00a0\u00bb, pr\u00e9sent\u00e9 par la Coop\u00e9rative \u00ab\u00a0Macahu\u00a0\u00bb et l\u2019association \u00ab\u00a0Imghi\u00a0\u00bb de la maison de Jeunes d\u2019Iferhounen de Tizi Ouzou.<\/p>\n<p>Ouvertes le 18 d\u00e9cembre dernier au Tna, les Premi\u00e8res Journ\u00e9es nationales du Th\u00e9\u00e2tre amazigh d\u2019Alger, anim\u00e9es par des troupes d\u2019Alger, de Tizi Ouzou et de Beja\u00efa prennent fin aujourd\u2019hui, avec le spectacle \u00ab\u00a0Adoulane Adoulane\u00a0\u00bb du Tna.<\/p>\n<\/div>\n<p>Auteur:<br \/>\n<a href=\"http:\/\/www.aps.dz\/culture\/99295-journees-du-theatre-amazigh-d-alger-sin-nni-un-quiproquo-entre-deux-visions-existentielles\">Cliquez ici pour lire l&rsquo;article depuis sa source.<\/a><\/p>\n","protected":false},"excerpt":{"rendered":"<p>ALGER- La pi\u00e8ce de th\u00e9\u00e2tre \u00ab\u00a0Sin-nni\u00a0\u00bb (ces deux l\u00e0), une tragi-com\u00e9die qui rend compte d\u2019une confrontation entre deux visions existentielles diff\u00e9rentes, l\u2019une dans le monde des choses et l\u2019autre dans celui des id\u00e9es, a \u00e9t\u00e9 pr\u00e9sent\u00e9e dimanche soir \u00e0 Alger. Accueilli au Th\u00e9\u00e2tre national Mahieddine-Bachtarzi (Tna), le spectacle, programm\u00e9 dans le cadre des Premi\u00e8res Journ\u00e9es [&hellip;]<\/p>\n","protected":false},"author":1790,"featured_media":0,"comment_status":"closed","ping_status":"closed","sticky":false,"template":"","format":"standard","meta":{"fifu_image_url":"","fifu_image_alt":"","footnotes":""},"categories":[53,79],"tags":[],"class_list":["post-71019","post","type-post","status-publish","format-standard","hentry","category-algerie","category-culture"],"_links":{"self":[{"href":"https:\/\/linitiative.ca\/International\/wp-json\/wp\/v2\/posts\/71019","targetHints":{"allow":["GET"]}}],"collection":[{"href":"https:\/\/linitiative.ca\/International\/wp-json\/wp\/v2\/posts"}],"about":[{"href":"https:\/\/linitiative.ca\/International\/wp-json\/wp\/v2\/types\/post"}],"author":[{"embeddable":true,"href":"https:\/\/linitiative.ca\/International\/wp-json\/wp\/v2\/users\/1790"}],"replies":[{"embeddable":true,"href":"https:\/\/linitiative.ca\/International\/wp-json\/wp\/v2\/comments?post=71019"}],"version-history":[{"count":0,"href":"https:\/\/linitiative.ca\/International\/wp-json\/wp\/v2\/posts\/71019\/revisions"}],"wp:attachment":[{"href":"https:\/\/linitiative.ca\/International\/wp-json\/wp\/v2\/media?parent=71019"}],"wp:term":[{"taxonomy":"category","embeddable":true,"href":"https:\/\/linitiative.ca\/International\/wp-json\/wp\/v2\/categories?post=71019"},{"taxonomy":"post_tag","embeddable":true,"href":"https:\/\/linitiative.ca\/International\/wp-json\/wp\/v2\/tags?post=71019"}],"curies":[{"name":"wp","href":"https:\/\/api.w.org\/{rel}","templated":true}]}}