{"id":71020,"date":"2019-12-23T13:04:05","date_gmt":"2019-12-23T18:04:05","guid":{"rendered":"https:\/\/linitiative.ca\/International\/le-site-des-arenes-est-appele-a-devenir-un-pole-culturel-par-excellence\/"},"modified":"2019-12-23T13:04:05","modified_gmt":"2019-12-23T18:04:05","slug":"le-site-des-arenes-est-appele-a-devenir-un-pole-culturel-par-excellence","status":"publish","type":"post","link":"https:\/\/linitiative.ca\/International\/le-site-des-arenes-est-appele-a-devenir-un-pole-culturel-par-excellence\/","title":{"rendered":"Le site des Ar\u00e8nes est appel\u00e9 \u00e0 devenir un p\u00f4le culturel par excellence."},"content":{"rendered":"<div readability=\"35\">\n<p><strong>ORAN- La deuxi\u00e8me phase de l\u2019am\u00e9nagement des Ar\u00e8nes d\u2019Oran situ\u00e9es \u00e0 Ha\u00ef Mahiedine (ex Eckm\u00fchl) est entr\u00e9e en phase d\u2019\u00e9tude, a appris l\u2019APS de l\u2019entreprise publique \u00ab\u00a0Parc d\u2019attractions\u00a0\u00bb qui g\u00e8re ce\u00a0site.<\/strong><\/p>\n<\/div>\n<div readability=\"131.5\">\n<p>Les travaux de cette phase en cours d\u2019\u00e9tude portent sur le confortement et le renforcement des structures du site, ses supports et l\u2019\u00e9clairage afin d\u2019exploiter totalement l\u2019infrastructure, a soulign\u00e9 le directeur adjoint de l\u2019entreprise, soulignant que cette nouvelle phase n\u00e9cessite l\u2019\u00e9laboration d\u2019un dossier technique, des \u00e9tudes et la disponibilit\u00e9 d\u2019un budget.<\/p>\n<blockquote readability=\"11\">\n<p><em><strong>La premi\u00e8re phase, achev\u00e9e au d\u00e9but de l\u2019ann\u00e9e en cours, a touch\u00e9 deux voutes pr\u00e9sentant dans le pass\u00e9 un danger pour les visiteurs. L\u2019une se trouve \u00e0 l\u2019entr\u00e9e principale des Ar\u00e8nes et la seconde au niveau du sous-sol du b\u00e2ti. La fin des travaux a permis l\u2019ouverture des Ar\u00e8nes au public, a rappel\u00e9 Belabed Ghanoun.<\/strong><\/em><\/p>\n<\/blockquote>\n<p>Le m\u00eame responsable a soulign\u00e9 que les travaux pris en charge par une entreprise sp\u00e9cialis\u00e9e ont respect\u00e9 les normes en vigueur en restauration des sites arch\u00e9ologiques et l\u2019accompagnement technique de l\u2019am\u00e9nagement du contr\u00f4le de construction par la CTC.<\/p>\n<p>L\u2019entrepris publique du Parc d\u2019attractions d\u2019Oran g\u00e8re cette structure en vertu de la convention la liant \u00e0 la direction de l\u2019administration locale d\u2019Oran. Elle a b\u00e9n\u00e9fici\u00e9 d\u2019une subvention de 11 millions DA de la part de la wilaya pour r\u00e9aliser la premi\u00e8re tranche de l\u2019am\u00e9nagement.<\/p>\n<p>L\u2019op\u00e9ration de r\u00e9novation concernera l\u2019\u00e9clairage public et le renforcement d\u2019une partie des gradins, a encore indiqu\u00e9 le directeur de l\u2019entreprise \u00ab\u00a0Parc d\u2019attractions\u00a0\u00bb, Abderrahmane Belabb\u00e8s, pr\u00e9cisant qu\u2019une moyenne de 1.500 visiteurs est enregistr\u00e9e \u00e0 l\u2019organisation de toute activit\u00e9 au niveau du site. La capacit\u00e9 d\u2019accueil th\u00e9orique des Ar\u00e8nes est de 10.000 places.<\/p>\n<blockquote readability=\"5\">\n<p><em><strong>Un site culturel par excellence<\/strong><\/em><\/p>\n<\/blockquote>\n<p>\u00a0Le site des Ar\u00e8nes est appel\u00e9 \u00e0 devenir un p\u00f4le culturel par excellence.<\/p>\n<p>Dans ce sens, un accord a \u00e9t\u00e9 pass\u00e9 avec les directions locales du tourisme et de l&rsquo;artisanat, de la culture, de la jeunesse et des sports, le mus\u00e9e \u00ab\u00a0Ahmed Zabana\u00a0\u00bb, la chambre de l\u2019artisanat et l\u2019\u00e9cole r\u00e9gionale des\u00a0beaux-arts pour animer les lieux et mettre sur pied un programme permanent d\u2019activit\u00e9s, dans la perspective des jeux m\u00e9diterran\u00e9ens qu\u2019abritera Oran en 2021.<\/p>\n<p>Dans ce cadre, il a \u00e9t\u00e9 d\u00e9cid\u00e9 de mettre 15 locaux se trouvant au sein des Ar\u00e8nes \u00e0 la disposition des artistes et des artisans.<\/p>\n<blockquote readability=\"9\">\n<p><em><strong>\u00ab\u00a0Nous pr\u00e9voyons l\u2019organisation d\u2019expositions permanentes pour permettre aux visiteurs d\u2019acqu\u00e9rir des produits d\u2019art en guise de souvenir de leur passage aux Ar\u00e8nes, \u00e9difice unique en son genre en Afrique en termes d\u2019architecture\u00a0\u00bb, a indiqu\u00e9 Abderrahmane Belabb\u00e8s.<\/strong><\/em><\/p>\n<\/blockquote>\n<p>Les gestionnaires du site comptent en faire un espace abritant des activit\u00e9s sportives, selon le m\u00eame responsable qui a fait \u00e9tat de l\u2019installation prochaine d\u2019un \u00e9cran g\u00e9ant pour la transmission des\u00a0diff\u00e9rentes rencontres de football, entre-autres.<\/p>\n<p>D\u00e9j\u00e0, il a \u00e9t\u00e9 proc\u00e9d\u00e9 sur les lieux \u00e0 la projection d\u2019un documentaire sur les sites arch\u00e9ologiques de la wilaya d\u2019Oran en pr\u00e9sence d\u2019un public nombreux. L\u2019\u00e9crivain Wassini L\u00e2aredj y a \u00e9galement pr\u00e9sent\u00e9 son dernier roman, inspir\u00e9 de la vie d\u2019un tor\u00e9ador et son passage \u00e0 Oran dans les ann\u00e9es 1950.<\/p>\n<blockquote readability=\"6\">\n<p><em><strong>\u00a0Le tourisme, une autre dimension pour les Ar\u00e8nes\u00a0\u00a0\u00a0\u00a0\u00a0<\/strong><\/em>\u00a0\u00a0\u00a0\u00a0\u00a0<\/p>\n<\/blockquote>\n<p>Depuis la r\u00e9ouverture de l\u2019\u00e9difice en octobre 2018, le site est devenu une destination touristique attirant quotidiennement une moyenne de 200 visiteurs dont des touristes \u00e9trangers, a soulign\u00e9 M.Ghanoun.<\/p>\n<p>\u00ab\u00a0Nous avons proc\u00e9d\u00e9 au recrutement de 15 agents dont une interpr\u00e8te maitrisant l\u2019Anglais et l\u2019Espagnol et une sp\u00e9cialiste dans le domaine du patrimoine. Un panneau mettant en relief l\u2019histoire des Ar\u00e8nes a \u00e9t\u00e9\u00a0install\u00e9 avec des indications sur les activit\u00e9s programm\u00e9es\u00a0\u00bb, a ajout\u00e9 le m\u00eame responsable.<\/p>\n<p>Par ailleurs, afin de renforcer la vocation touristique des Ar\u00e8nes, la direction locale du tourisme et de l&rsquo;artisanat a invit\u00e9 les diff\u00e9rentes agences de voyage et de tourisme \u00e0 int\u00e9grer dans leurs circuits les Ar\u00e8nes.<\/p>\n<blockquote readability=\"11\">\n<p><em><strong>\u00ab\u00a0Cette escale s\u2019ajoutera aux sites de Santa Cruz, sur les hauteurs du mont du Murdjadjo et le palais du Bey, au quartier populaire de Sidi Houari\u00a0\u00bb, a soulign\u00e9 le chef du service de suivi des activit\u00e9s de cette direction, Mourad Boudjenane.<\/strong><\/em><\/p>\n<\/blockquote>\n<p>Les Ar\u00e8nes d\u2019Oran, d\u00e9sign\u00e9es par les habitants de la cit\u00e9 sous le nom de \u00ab\u00a0Torro\u00a0\u00bb, en r\u00e9f\u00e9rence aux spectacles de corrida qu\u2019elles abritaient, ont \u00e9t\u00e9 \u00e9difi\u00e9es durant la p\u00e9riode coloniale et a accueilli des spectacles de corrida anim\u00e9s par des matadors tr\u00e8s c\u00e9l\u00e8bres \u00e0 cette \u00e9poque, selon des sources historiques.<\/p>\n<p>Apr\u00e8s le recouvrement de l\u2019ind\u00e9pendance nationale, cette infrastructure a abrit\u00e9 plusieurs manifestations culturelles et artistiques comme elle a servi de si\u00e8ge administratif de l\u2019Office communal des sports et\u00a0d\u2019associations sportives.<\/p>\n<\/div>\n<p>Auteur:<br \/>\n<a href=\"http:\/\/www.aps.dz\/culture\/99299-le-site-des-arenes-est-appele-a-devenir-un-pole-culturel-par-excellence\">Cliquez ici pour lire l&rsquo;article depuis sa source.<\/a><\/p>\n","protected":false},"excerpt":{"rendered":"<p>ORAN- La deuxi\u00e8me phase de l\u2019am\u00e9nagement des Ar\u00e8nes d\u2019Oran situ\u00e9es \u00e0 Ha\u00ef Mahiedine (ex Eckm\u00fchl) est entr\u00e9e en phase d\u2019\u00e9tude, a appris l\u2019APS de l\u2019entreprise publique \u00ab\u00a0Parc d\u2019attractions\u00a0\u00bb qui g\u00e8re ce\u00a0site. Les travaux de cette phase en cours d\u2019\u00e9tude portent sur le confortement et le renforcement des structures du site, ses supports et l\u2019\u00e9clairage afin [&hellip;]<\/p>\n","protected":false},"author":1790,"featured_media":0,"comment_status":"closed","ping_status":"closed","sticky":false,"template":"","format":"standard","meta":{"fifu_image_url":"","fifu_image_alt":"","footnotes":""},"categories":[53,79],"tags":[],"class_list":["post-71020","post","type-post","status-publish","format-standard","hentry","category-algerie","category-culture"],"_links":{"self":[{"href":"https:\/\/linitiative.ca\/International\/wp-json\/wp\/v2\/posts\/71020","targetHints":{"allow":["GET"]}}],"collection":[{"href":"https:\/\/linitiative.ca\/International\/wp-json\/wp\/v2\/posts"}],"about":[{"href":"https:\/\/linitiative.ca\/International\/wp-json\/wp\/v2\/types\/post"}],"author":[{"embeddable":true,"href":"https:\/\/linitiative.ca\/International\/wp-json\/wp\/v2\/users\/1790"}],"replies":[{"embeddable":true,"href":"https:\/\/linitiative.ca\/International\/wp-json\/wp\/v2\/comments?post=71020"}],"version-history":[{"count":0,"href":"https:\/\/linitiative.ca\/International\/wp-json\/wp\/v2\/posts\/71020\/revisions"}],"wp:attachment":[{"href":"https:\/\/linitiative.ca\/International\/wp-json\/wp\/v2\/media?parent=71020"}],"wp:term":[{"taxonomy":"category","embeddable":true,"href":"https:\/\/linitiative.ca\/International\/wp-json\/wp\/v2\/categories?post=71020"},{"taxonomy":"post_tag","embeddable":true,"href":"https:\/\/linitiative.ca\/International\/wp-json\/wp\/v2\/tags?post=71020"}],"curies":[{"name":"wp","href":"https:\/\/api.w.org\/{rel}","templated":true}]}}