{"id":71021,"date":"2019-12-23T13:04:09","date_gmt":"2019-12-23T18:04:09","guid":{"rendered":"https:\/\/linitiative.ca\/International\/festival-de-la-bd-et-de-la-caricature-la-sensibilite-au-bout-du-crayon\/"},"modified":"2019-12-23T13:04:09","modified_gmt":"2019-12-23T18:04:09","slug":"festival-de-la-bd-et-de-la-caricature-la-sensibilite-au-bout-du-crayon","status":"publish","type":"post","link":"https:\/\/linitiative.ca\/International\/festival-de-la-bd-et-de-la-caricature-la-sensibilite-au-bout-du-crayon\/","title":{"rendered":"Festival de la BD et de la caricature: la sensibilit\u00e9 au bout du crayon"},"content":{"rendered":"<div readability=\"36\">\n<p><strong>TIZI-OUZOU &#8211; La 3\u00e8me \u00e9dition du Festival national de la Bande dessin\u00e9e et de la caricature qui s\u2019est ouvert samedi dernier au Centre de loisirs scientifiques (CLS) de Tizi-Ouzou, d\u00e9voilent la sensibilit\u00e9 des jeunes artistes, qui tracent avec la pointe de leurs crayons leur \u00e9motions.<\/strong><\/p>\n<\/div>\n<div readability=\"95.6605005441\">\n<p>L\u2019actualit\u00e9 nationale, l\u2019histoire de l\u2019Alg\u00e9rie et particuli\u00e8rement la Guerre de Lib\u00e9ration nationale, l\u2019enfance, la situation de l\u2019art et de l\u2019artiste sont autant de th\u00e8mes dessin\u00e9s, caricatur\u00e9s, peints par les participants \u00e0 ce Festival qui regroupe jusqu&rsquo;\u00e0 demain (mercredi), des jeunes issus d\u2019une quinzaine de wilayas.<\/p>\n<p>Hacene Ait Chaalal, un jeune b\u00e9d\u00e9iste et impressionniste autodidacte, d\u2019Ouacifs (Tizi-Ouzou) le r\u00e9alisme la BD s\u2019inspire des \u00e9v\u00e9nements pass\u00e9s ou pr\u00e9sents qui l\u2019ont particuli\u00e8rement marqu\u00e9 pour ses \u0153uvres artistiques. \u00ab\u00a0L\u2019actualit\u00e9 m\u2019inspire mais aussi des \u00e9v\u00e9nements pass\u00e9s qui m\u2019ont touch\u00e9, que je transforme en dessins pour exprimer mes \u00e9motions et les raconter aux autres aussi\u00a0\u00bb, a-t-il dit.<\/p>\n<p>Les \u00e9v\u00e9nements historiques, notamment ceux qui n\u2019ont pas \u00e9t\u00e9 v\u00e9cus par l\u2019artiste, sont \u00ab\u00a0les plus difficiles \u00e0 aborder, car ils exigent du b\u00e9d\u00e9iste un travail de recherche pour ne pas se tromper et rapporter des faits erron\u00e9s\u00a0\u00bb, a ajout\u00e9 Hacene Ait Chaalal, qui r\u00eave et travaille avec la ferme conviction d\u2019y parvenir un jour, \u00e0 d\u00e9velopper son propre style.<\/p>\n<p>Ce festival nationale de la BD et de la caricature, a-t-il observ\u00e9, est \u00ab\u00a0une opportunit\u00e9 pour les jeunes d\u2019\u00e9changer leurs exp\u00e9riences et id\u00e9es et les participants \u00e0 cette \u00e9dition ne sont pas avares de conseils\u00a0\u00bb, a-t-il not\u00e9, relevant que \u00ab\u00a0les jeunes artistes n\u2019h\u00e9sitent pas a \u00e9changer leur id\u00e9es et points de vue\u00a0\u00bb.<\/p>\n<hr\/>\n<h3>Lire aussi:\u00a0<a href=\"http:\/\/www.aps.dz\/culture\/99070-3e-festival-de-la-bande-dessinee-et-de-la-caricature-a-tizi-ouzou-a-partir-du-19-decembre\" target=\"_blank\" rel=\"noopener noreferrer\">3e Festival de la bande dessin\u00e9e et de la caricature \u00e0 Tizi Ouzou \u00e0 partir du 19 d\u00e9cembre<\/a><\/h3>\n<hr\/>\n<p>La situation de l\u2019art et des artistes est le th\u00e8me de pr\u00e9dilection du jeune portraitiste Kaabache Nidhal de Batna, qui tente \u00e0 travers ses \u0153uvres \u00e0 mettre la lumi\u00e8re sur \u00ab\u00a0la marginalisation de l\u2019art\u00a0\u00bb. Il souhaite que les moyens soient mobilis\u00e9s pour valoriser cet art et lui donner sa place.<\/p>\n<p>De portraits d\u2019artistes, de personnalit\u00e9s historiques nationales et internationales, reproduits avec de la peinture \u00e0 l\u2019huile, sont parmi les \u0153uvres expos\u00e9s par ce jeune artistes qui a \u00e9galement reproduit en dessin la situation de l\u2019art et des artistes.<\/p>\n<p>Pour Abdeldjalil Djabellah de Oued Souf, artiste impressionniste autodidacte, l\u2019enfance est le th\u00e8me central de ses dessins, ce jeune passionn\u00e9 de l\u2019acrylique et des couleurs grise, blanche et noire, tente \u00e0 travers ses \u0153uvres de passer un message \u00e0 la soci\u00e9t\u00e9 pour l\u2019inciter \u00e0 respecter l\u2019enfant et \u00e0 le laisser vivre cette p\u00e9riode d\u2019innocence loin des soucis de la vie.<\/p>\n<p>\u00ab\u00a0Je veux que mon art soit utile pour la soci\u00e9t\u00e9, et qu\u2019il puisse contribuer \u00e0 am\u00e9liorer certains aspects. Avec mes \u0153uvres je veux d\u2019abord toucher le c\u0153ur des gens sur certains sujets sensibles\u00a0\u00bb, a-t-il dit.<\/p>\n<\/div>\n<p>Auteur:<br \/>\n<a href=\"http:\/\/www.aps.dz\/culture\/99315-festival-de-la-bd-et-de-la-caricature-la-sensibilite-au-bout-du-crayon\">Cliquez ici pour lire l&rsquo;article depuis sa source.<\/a><\/p>\n","protected":false},"excerpt":{"rendered":"<p>TIZI-OUZOU &#8211; La 3\u00e8me \u00e9dition du Festival national de la Bande dessin\u00e9e et de la caricature qui s\u2019est ouvert samedi dernier au Centre de loisirs scientifiques (CLS) de Tizi-Ouzou, d\u00e9voilent la sensibilit\u00e9 des jeunes artistes, qui tracent avec la pointe de leurs crayons leur \u00e9motions. L\u2019actualit\u00e9 nationale, l\u2019histoire de l\u2019Alg\u00e9rie et particuli\u00e8rement la Guerre de [&hellip;]<\/p>\n","protected":false},"author":1790,"featured_media":0,"comment_status":"closed","ping_status":"closed","sticky":false,"template":"","format":"standard","meta":{"fifu_image_url":"","fifu_image_alt":"","footnotes":""},"categories":[53,79],"tags":[],"class_list":["post-71021","post","type-post","status-publish","format-standard","hentry","category-algerie","category-culture"],"_links":{"self":[{"href":"https:\/\/linitiative.ca\/International\/wp-json\/wp\/v2\/posts\/71021","targetHints":{"allow":["GET"]}}],"collection":[{"href":"https:\/\/linitiative.ca\/International\/wp-json\/wp\/v2\/posts"}],"about":[{"href":"https:\/\/linitiative.ca\/International\/wp-json\/wp\/v2\/types\/post"}],"author":[{"embeddable":true,"href":"https:\/\/linitiative.ca\/International\/wp-json\/wp\/v2\/users\/1790"}],"replies":[{"embeddable":true,"href":"https:\/\/linitiative.ca\/International\/wp-json\/wp\/v2\/comments?post=71021"}],"version-history":[{"count":0,"href":"https:\/\/linitiative.ca\/International\/wp-json\/wp\/v2\/posts\/71021\/revisions"}],"wp:attachment":[{"href":"https:\/\/linitiative.ca\/International\/wp-json\/wp\/v2\/media?parent=71021"}],"wp:term":[{"taxonomy":"category","embeddable":true,"href":"https:\/\/linitiative.ca\/International\/wp-json\/wp\/v2\/categories?post=71021"},{"taxonomy":"post_tag","embeddable":true,"href":"https:\/\/linitiative.ca\/International\/wp-json\/wp\/v2\/tags?post=71021"}],"curies":[{"name":"wp","href":"https:\/\/api.w.org\/{rel}","templated":true}]}}