{"id":71027,"date":"2019-12-23T06:57:56","date_gmt":"2019-12-23T11:57:56","guid":{"rendered":"https:\/\/linitiative.ca\/International\/habitat-anarchique-atelier-au-profit-des-agents-dautorite\/"},"modified":"2019-12-23T06:57:56","modified_gmt":"2019-12-23T11:57:56","slug":"habitat-anarchique-atelier-au-profit-des-agents-dautorite","status":"publish","type":"post","link":"https:\/\/linitiative.ca\/International\/habitat-anarchique-atelier-au-profit-des-agents-dautorite\/","title":{"rendered":"Habitat anarchique: Atelier au profit des agents d\u2019autorit\u00e9"},"content":{"rendered":"<div class=\"single-featured\"><img alt=\"\" data-src=\"http:\/\/www.mapmarrakech.ma\/map\/uploads\/2019\/12\/atelier-copier-1.jpg\"\/><\/div>\n<div class=\"single-post-excerpt post-excerpt-bc\" readability=\"36\">\n<p>Marrakech \u2013 La Division de l\u2019urbanisme et de l\u2019environnement relevant de la wilaya de la r\u00e9gion Marrakech-Safi a organis\u00e9 mercredi et jeudi derniers, un atelier au profit des agents d\u2019autorit\u00e9 sur la lutte contre toutes les formes et causes de l\u2019habitat anarchique et ill\u00e9gal au niveau du territoire de la pr\u00e9fecture de Marrakech.<\/p>\n<\/div>\n<div class=\"entry-content clearfix single-post-content\" readability=\"48\">\n<p>Organis\u00e9s en collaboration avec la Division des affaires rurales et la Division des affaires juridiques et contentieux judiciaires, l\u2019Agence urbaine de Marrakech et l\u2019Inspection r\u00e9gionale de l\u2019urbanisme en plus d\u2019autres services, ces ateliers viennent aussi accompagner les interventions quotidiennes des agents d\u2019autorit\u00e9 dans le domaine du contr\u00f4le des contraventions \u00e0 la Loi de l\u2019urbanisme, indique un communiqu\u00e9 de la wilaya de la r\u00e9gion Marrakech-Safi.<\/p>\n<p>Cette rencontre a offert l\u2019opportunit\u00e9 pour rapprocher tous les intervenants des proc\u00e9dures juridiques au niveau de leur \u00e9laboration, notification et application, souligne la m\u00eame source.<\/p>\n<p>L\u2019atelier a \u00e9t\u00e9 une occasion pour passer en revue les probl\u00e9matiques et contraintes dont font face les agents d\u2019autorit\u00e9 lors des op\u00e9rations d\u2019interventions et de d\u00e9molition et le contr\u00f4le des contraventions dans la perspective de trouver des solutions appropri\u00e9es pour les surmonter et mettre fin au ph\u00e9nom\u00e8ne de l\u2019habitat anarchique.<\/p>\n<\/div>\n<p>Auteur: Meriem IGASS<br \/>\n<a href=\"http:\/\/www.mapmarrakech.ma\/fr\/habitat\/\">Cliquez ici pour lire l&rsquo;article depuis sa source.<\/a><\/p>\n","protected":false},"excerpt":{"rendered":"<p>Marrakech \u2013 La Division de l\u2019urbanisme et de l\u2019environnement relevant de la wilaya de la r\u00e9gion Marrakech-Safi a organis\u00e9 mercredi et jeudi derniers, un atelier au profit des agents d\u2019autorit\u00e9 sur la lutte contre toutes les formes et causes de l\u2019habitat anarchique et ill\u00e9gal au niveau du territoire de la pr\u00e9fecture de Marrakech. Organis\u00e9s en [&hellip;]<\/p>\n","protected":false},"author":1788,"featured_media":71028,"comment_status":"closed","ping_status":"closed","sticky":false,"template":"","format":"standard","meta":{"fifu_image_url":"","fifu_image_alt":"","footnotes":""},"categories":[54,76],"tags":[],"class_list":["post-71027","post","type-post","status-publish","format-standard","has-post-thumbnail","hentry","category-maroc","category-regions"],"_links":{"self":[{"href":"https:\/\/linitiative.ca\/International\/wp-json\/wp\/v2\/posts\/71027","targetHints":{"allow":["GET"]}}],"collection":[{"href":"https:\/\/linitiative.ca\/International\/wp-json\/wp\/v2\/posts"}],"about":[{"href":"https:\/\/linitiative.ca\/International\/wp-json\/wp\/v2\/types\/post"}],"author":[{"embeddable":true,"href":"https:\/\/linitiative.ca\/International\/wp-json\/wp\/v2\/users\/1788"}],"replies":[{"embeddable":true,"href":"https:\/\/linitiative.ca\/International\/wp-json\/wp\/v2\/comments?post=71027"}],"version-history":[{"count":0,"href":"https:\/\/linitiative.ca\/International\/wp-json\/wp\/v2\/posts\/71027\/revisions"}],"wp:featuredmedia":[{"embeddable":true,"href":"https:\/\/linitiative.ca\/International\/wp-json\/"}],"wp:attachment":[{"href":"https:\/\/linitiative.ca\/International\/wp-json\/wp\/v2\/media?parent=71027"}],"wp:term":[{"taxonomy":"category","embeddable":true,"href":"https:\/\/linitiative.ca\/International\/wp-json\/wp\/v2\/categories?post=71027"},{"taxonomy":"post_tag","embeddable":true,"href":"https:\/\/linitiative.ca\/International\/wp-json\/wp\/v2\/tags?post=71027"}],"curies":[{"name":"wp","href":"https:\/\/api.w.org\/{rel}","templated":true}]}}