{"id":71029,"date":"2019-12-23T10:40:15","date_gmt":"2019-12-23T15:40:15","guid":{"rendered":"https:\/\/linitiative.ca\/International\/immersion-dans-lhistoire-riche-de-la-communaute-juive\/"},"modified":"2019-12-23T10:40:15","modified_gmt":"2019-12-23T15:40:15","slug":"immersion-dans-lhistoire-riche-de-la-communaute-juive","status":"publish","type":"post","link":"https:\/\/linitiative.ca\/International\/immersion-dans-lhistoire-riche-de-la-communaute-juive\/","title":{"rendered":"Immersion dans l\u2019histoire riche de la communaut\u00e9 juive"},"content":{"rendered":"<div readability=\"34\">\n<p>Essaouira \u2013 Une rencontre-d\u00e9bat autour de l\u2019histoire riche et passionnante de la communaut\u00e9 juive d\u2019Essaouira, a \u00e9t\u00e9 organis\u00e9e le week-end dans la cit\u00e9 des Aliz\u00e9s.<\/p>\n<\/div>\n<div readability=\"143\">\n<p>Cette rencontre, initi\u00e9e par l\u2019Association Essaouira-Mogador dans le cadre de ses activit\u00e9s mensuelles visant \u00e0 conforter la place d\u2019Essaouira en tant que haut lieu de r\u00e9flexion et de d\u00e9bats intellectuels de haute facture, a \u00e9t\u00e9 rehauss\u00e9e par la pr\u00e9sence d\u2019une brochette d\u2019intellectuels, d\u2019acteurs associatifs ainsi que de r\u00e9sidents \u00e9trangers dans la cit\u00e9 des Aliz\u00e9s, dont des palestiniens.<\/p>\n<p>Cette table ronde a \u00e9t\u00e9 ainsi l\u2019occasion de mettre en lumi\u00e8re plusieurs pages rayonnantes de l\u2019histoire de cette communaut\u00e9 qui, d\u2019une g\u00e9n\u00e9ration \u00e0 l\u2019autre, a su toujours garder son attachement ind\u00e9fectible au Maroc, et \u00e0 d\u00e9fendre ses int\u00e9r\u00eats supr\u00eames avec d\u00e9vouement et sens \u00e9lev\u00e9 de responsabilit\u00e9.<\/p>\n<p>Ouvrant les d\u00e9bats, M. Ahmed Harrouz a, au nom de l\u2019Association Essaouira-Mogador, mis l\u2019accent sur l\u2019importance \u00e0 la fois scientifique, acad\u00e9mique, historique et anthropologique de l\u2019histoire de la communaut\u00e9 juive d\u2019Essaouira, notant que cette communaut\u00e9 avait toujours contribu\u00e9 au rayonnement de Mogador et \u00e0 son meilleur positionnement \u00e0 l\u2019international et ce, gr\u00e2ce aux liens que ces citoyens marocains de confession juive entretenaient avec leurs familles et proches install\u00e9s notamment en Grande Bretagne et aux USA \u00e0 cette \u00e9poque.<\/p>\n<p>Intervenant de son c\u00f4t\u00e9, M. Sidney Corcos, juif d\u2019Essaouira et membre de l\u2019\u00e9quipe scientifique de Bayt Dakira, a pr\u00e9sent\u00e9 un expos\u00e9 d\u00e9taill\u00e9 sur \u00ab\u00a0la pr\u00e9sence juive au Maroc\u00a0\u00bb, avec un focus sur la particularit\u00e9 des juifs d\u2019Essaouira, pr\u00e9cisant que cette partie int\u00e9grante de la soci\u00e9t\u00e9 marocaine, au-lendemain de la cr\u00e9ation de Mogador par le Sultan Sidi Mohammed Ben Abdellah, a jou\u00e9 un r\u00f4le important dans la dynamisation du port de la ville.<\/p>\n<p>Il a, dans ce contexte, rappel\u00e9 que le Sultan Sidi Mohammed Ben Abdellah avait, \u00e0 cette \u00e9poque, encourag\u00e9 plusieurs commer\u00e7ants de confession juive dits : \u00ab\u00a0Toujars A Soultan\u00a0\u00bb \u00e0 venir s\u2019installer \u00e0 Essaouira pour dynamiser le port de la ville et renforcer la tr\u00e9sorerie publique, rappelant que gr\u00e2ce \u00e0 leur engagement, \u00e0 leurs solides liens avec l\u2019\u00e9tranger et \u00e0 leur parfaite ma\u00eetrise des langues \u00e9trang\u00e8res, le port de Mogador s\u2019\u00e9tait vu, \u00e0 certains moments, s\u2019accaparer pr\u00e8s de 80% des flux commerciaux du Maroc.<\/p>\n<p>Cette dynamique \u00e9conomique et sociale cr\u00e9\u00e9e par les juifs d\u2019Essaouira a eu pour effet d\u2019encourager l\u2019ouverture de plusieurs Consulats \u00e9trangers (Danemark, France, Italie, Portugal, Br\u00e9sil\u2026.), a poursuivi M. Corcos, mettant en avant les avantages et le statut privil\u00e9gi\u00e9 dont jouissaient ces n\u00e9gociants \u00e0 cette \u00e9poque.<\/p>\n<p>Sur un autre volet, M. Corcos s\u2019est attard\u00e9 sur le contexte sociopolitique qui marquait \u00e0 cette \u00e9poque le Maroc, sur les changements survenus apr\u00e8s le Protectorat Fran\u00e7ais, ainsi que sur les mesures prises par Feu Sa Majest\u00e9 Mohammed V pour la protection de cette communaut\u00e9.<\/p>\n<p>Poursuivant son raisonnement, documents officiels, photos et chiffres \u00e0 l\u2019appui, M. Corcos a mis en avant les efforts d\u00e9ploy\u00e9s au plan national comme \u00e0 l\u2019\u00e9chelle locale pour la pr\u00e9servation et la revivification de cette partie de l\u2019histoire du Royaume, saluant \u00e0 titre d\u2019exemple l\u2019initiative de doter la cit\u00e9 des Aliz\u00e9s, du Festival des Andalousies Atlantiques, l\u2019unique au monde \u00e0 mettre c\u00f4te \u00e0 c\u00f4te, Juifs et Musulmans pour chanter ensemble, la paix et la fraternit\u00e9.<\/p>\n<p>M. Hassan El-Aich, intellectuel souiri et chercheur autodidacte dans l\u2019histoire de la ville a mis en relief cette capillarit\u00e9 si \u00e9troite qui avait toujours exist\u00e9 entre Juda\u00efsme et Islam au niveau de la ville d\u2019Essaouira, citant \u00e0 titre d\u2019exemple le quartier El Mellah o\u00f9 des familles juives et musulmanes vivaient en symbiose et se partageaient un quotidien paisible.<\/p>\n<p>\u00ab\u00a0A Essaouira, les diff\u00e9rences de culte ou d\u2019ethnicit\u00e9, voire m\u00eame d\u2019appartenance g\u00e9ographique n\u2019avaient jamais aucune raison d\u2019exister. On vivait en paix et dans la convivialit\u00e9. Ici \u00e0 Essaouira, nous entretenons au quotidien cette culture d\u2019ouverture, et d\u2019acceptation de la diff\u00e9rence et d\u2019autrui. Nous favorisons l\u2019humanisme dans le respect des droits et des libert\u00e9s de chacun\u00a0\u00bb, a-t-il dit.<\/p>\n<p>\u00ab\u00a0Ce sont ces valeurs de paix, de solidarit\u00e9, d\u2019ouverture, de respect mutuel, d\u2019acceptation de la diff\u00e9rence\u2026bref, c\u2019est cet esprit qui tend vers l\u2019humanit\u00e9 et l\u2019universalit\u00e9 qui caract\u00e9rise et forme l\u2019ADN d\u2019Essaouira et du Maroc\u00a0\u00bb, a conclu M. El-Aich.<\/p>\n<\/div>\n<p>Auteur: Meriem IGASS<br \/>\n<a href=\"http:\/\/www.mapmarrakech.ma\/fr\/juive\/\">Cliquez ici pour lire l&rsquo;article depuis sa source.<\/a><\/p>\n","protected":false},"excerpt":{"rendered":"<p>Essaouira \u2013 Une rencontre-d\u00e9bat autour de l\u2019histoire riche et passionnante de la communaut\u00e9 juive d\u2019Essaouira, a \u00e9t\u00e9 organis\u00e9e le week-end dans la cit\u00e9 des Aliz\u00e9s. Cette rencontre, initi\u00e9e par l\u2019Association Essaouira-Mogador dans le cadre de ses activit\u00e9s mensuelles visant \u00e0 conforter la place d\u2019Essaouira en tant que haut lieu de r\u00e9flexion et de d\u00e9bats intellectuels [&hellip;]<\/p>\n","protected":false},"author":1788,"featured_media":0,"comment_status":"closed","ping_status":"closed","sticky":false,"template":"","format":"standard","meta":{"fifu_image_url":"","fifu_image_alt":"","footnotes":""},"categories":[54,76],"tags":[],"class_list":["post-71029","post","type-post","status-publish","format-standard","hentry","category-maroc","category-regions"],"_links":{"self":[{"href":"https:\/\/linitiative.ca\/International\/wp-json\/wp\/v2\/posts\/71029","targetHints":{"allow":["GET"]}}],"collection":[{"href":"https:\/\/linitiative.ca\/International\/wp-json\/wp\/v2\/posts"}],"about":[{"href":"https:\/\/linitiative.ca\/International\/wp-json\/wp\/v2\/types\/post"}],"author":[{"embeddable":true,"href":"https:\/\/linitiative.ca\/International\/wp-json\/wp\/v2\/users\/1788"}],"replies":[{"embeddable":true,"href":"https:\/\/linitiative.ca\/International\/wp-json\/wp\/v2\/comments?post=71029"}],"version-history":[{"count":0,"href":"https:\/\/linitiative.ca\/International\/wp-json\/wp\/v2\/posts\/71029\/revisions"}],"wp:attachment":[{"href":"https:\/\/linitiative.ca\/International\/wp-json\/wp\/v2\/media?parent=71029"}],"wp:term":[{"taxonomy":"category","embeddable":true,"href":"https:\/\/linitiative.ca\/International\/wp-json\/wp\/v2\/categories?post=71029"},{"taxonomy":"post_tag","embeddable":true,"href":"https:\/\/linitiative.ca\/International\/wp-json\/wp\/v2\/tags?post=71029"}],"curies":[{"name":"wp","href":"https:\/\/api.w.org\/{rel}","templated":true}]}}