{"id":71030,"date":"2019-12-23T11:11:38","date_gmt":"2019-12-23T16:11:38","guid":{"rendered":"https:\/\/linitiative.ca\/International\/les-experts-de-la-formation-professionnelle-en-conclave-a-marrakech\/"},"modified":"2019-12-23T11:11:38","modified_gmt":"2019-12-23T16:11:38","slug":"les-experts-de-la-formation-professionnelle-en-conclave-a-marrakech","status":"publish","type":"post","link":"https:\/\/linitiative.ca\/International\/les-experts-de-la-formation-professionnelle-en-conclave-a-marrakech\/","title":{"rendered":"Les experts de la Formation professionnelle en conclave \u00e0 Marrakech"},"content":{"rendered":"<div readability=\"41\">\n<p>Marrakech \u2013 \u00ab\u00a0Perspectives de d\u00e9veloppement de la formation professionnelle priv\u00e9e, vers un repositionnement du secteur\u00a0\u00bb est le th\u00e8me d\u2019un S\u00e9minaire national, dont les travaux ont d\u00e9marr\u00e9, lundi \u00e0 Marrakech, avec la participation d\u2019un ar\u00e9opage de responsables, d\u2019experts, d\u2019acteurs et de professionnels du secteur.<\/p>\n<\/div>\n<div readability=\"122\">\n<p>Initi\u00e9 par le minist\u00e8re de l\u2019Education nationale, de la Formation professionnelle, de l\u2019Enseignement sup\u00e9rieur et de la Recherche scientifique (D\u00e9partement de la formation professionnelle), ce S\u00e9minaire de deux jours vient en r\u00e9ponse aux Hautes Orientations Royales contenues dans les diff\u00e9rents Discours de Sa Majest\u00e9 le Roi Mohammed VI qui accorde une importance capitale au d\u00e9veloppement de la formation professionnelle pour la valorisation du capital humain ainsi que pour l\u2019am\u00e9lioration de la comp\u00e9titivit\u00e9 des entreprises.<\/p>\n<p>Cette Rencontre, rehauss\u00e9e par la participation de pr\u00e8s de 300 repr\u00e9sentants des pouvoirs publics, des op\u00e9rateurs publics de formation professionnelle, des partenaires nationaux, des f\u00e9d\u00e9rations des chambres et organisations professionnelles ainsi que des repr\u00e9sentants des associations des \u00e9tablissements de la formation professionnelle priv\u00e9e, qui sont des partenaires strat\u00e9giques de l\u2019Etat en la mati\u00e8re, permettra de formuler des recommandations pour la conception d\u2019un nouveau mod\u00e8le d\u2019organisation et de gestion du secteur de la formation professionnelle priv\u00e9e, \u00e0 travers l\u2019\u00e9laboration d\u2019une feuille de route sp\u00e9cifique qui r\u00e9pondra au mieux aux besoins socio-\u00e9conomiques du pays et ce, en \u00e9troite collaboration avec l\u2019ensemble des partenaires du syst\u00e8me.<\/p>\n<p>Elle s\u2019inscrit \u00e9galement dans le cadre de la nouvelle impulsion donn\u00e9e par SM le Roi, avec la mise en place de la feuille de route relative au d\u00e9veloppement de la formation professionnelle que le Souverain a valid\u00e9e en avril 2019.<\/p>\n<p>En effet, le secteur priv\u00e9 constitue un partenaire essentiel dans la mise en \u0153uvre de cette feuille de route.<\/p>\n<p>Le S\u00e9minaire se veut aussi un moment fort de d\u00e9bats encadr\u00e9s par des experts et professionnels pour atteindre les objectifs vis\u00e9s \u00e0 travers son organisation : la promotion du secteur de la Formation Professionnelle Priv\u00e9e, l\u2019am\u00e9lioration de la qualit\u00e9 de son offre et une meilleure ad\u00e9quation Formation\/Emploi dans le cadre d\u2019un syst\u00e8me de bonne gouvernance avec plus d\u2019efficacit\u00e9 et d\u2019efficience.<\/p>\n<p>En outre, ce conclave est une occasion pour tous les partenaires en vue de l\u2019identification des obstacles li\u00e9s \u00e0 la promotion du secteur de la formation professionnelle priv\u00e9e, et du d\u00e9veloppement d\u2019un mod\u00e8le de gouvernance en ad\u00e9quation avec le mod\u00e8le de d\u00e9veloppement escompt\u00e9.<\/p>\n<p>Outre la s\u00e9ance inaugurale, les travaux de ce S\u00e9minaire se d\u00e9clinent en trois ateliers \u00e0 savoir \u00ab\u00a0L\u2019investissement dans la qualit\u00e9 : un gage de p\u00e9rennit\u00e9 et de repositionnement dans le domaine de la formation professionnelle aussi bien initiale que continue\u00a0\u00bb, \u00ab\u00a0Le rapprochement entre l\u2019offre et la demande en formation : m\u00e9canismes d\u2019orientation et de rationalisation de l\u2019investissement\u00a0\u00bb et \u00ab\u00a0La gouvernance : perspectives et modalit\u00e9s pour un bon repositionnement du secteur de la formation professionnelle priv\u00e9e\u00a0\u00bb.<\/p>\n<p>Consciente du r\u00f4le important du secteur priv\u00e9 et de sa compl\u00e9mentarit\u00e9 avec le secteur public en mati\u00e8re de formation des comp\u00e9tences n\u00e9cessaires \u00e0 l\u2019am\u00e9lioration de la productivit\u00e9 de l\u2019entreprise et \u00e0 la comp\u00e9titivit\u00e9 de l\u2019\u00e9conomie nationale, l\u2019Autorit\u00e9 Gouvernementale charg\u00e9e de la Formation Professionnelle n\u2019a eu de cesse d\u2019\u0153uvrer au d\u00e9veloppement et \u00e0 la promotion de ce secteur, dans le cadre d\u2019une vision int\u00e9gr\u00e9e et partag\u00e9e, consolidant les acquis enregistr\u00e9s et reposant notamment sur des m\u00e9canismes et proc\u00e9dures souples et adapt\u00e9s d\u2019organisation et de gestion de la formation professionnelle priv\u00e9e.<\/p>\n<p>Sa vision actuelle, qui s\u2019inscrit dans le cadre de la strat\u00e9gie nationale de d\u00e9veloppement de la formation professionnelle 2021, \u00e9labor\u00e9e en \u00e9troite concertation avec l\u2019ensemble des partenaires du syst\u00e8me, dont les repr\u00e9sentants du secteur de la formation professionnelle priv\u00e9e, consacre et renforce plus que jamais le statut de partenaire strat\u00e9gique accord\u00e9 au secteur priv\u00e9.<\/p>\n<p>C\u2019est pourquoi il est devenu n\u00e9cessaire de concevoir et de d\u00e9finir un nouveau mod\u00e8le d\u2019organisation et de gestion de ce secteur, qui prend en consid\u00e9ration ses sp\u00e9cificit\u00e9s ainsi que les limites rencontr\u00e9es durant la p\u00e9riode de mise en \u0153uvre du cadre institutionnel pr\u00e9cit\u00e9, mais aussi l\u2019\u00e9volution du contexte socio-\u00e9conomique du pays et de la strat\u00e9gie globale de d\u00e9veloppement du secteur de la formation professionnelle.<\/p>\n<p>L\u2019objectif vis\u00e9, \u00e0 travers ce mod\u00e8le, est de faire en sorte que le positionnement de ce secteur soit adapt\u00e9 et renforc\u00e9 pour promouvoir son essor, garantir sa p\u00e9rennisation, am\u00e9liorer la qualit\u00e9 de ses prestations et r\u00e9pondre efficacement aux besoins socio-\u00e9conomiques du pays, \u00e0 travers une meilleure ad\u00e9quation Formation\/Emploi, le tout dans le cadre d\u2019un syst\u00e8me de gouvernance mieux adapt\u00e9.<\/p>\n<p>C\u2019est dans ce cadre que l\u2019Autorit\u00e9 Gouvernementale charg\u00e9e de la Formation Professionnelle organise ce s\u00e9minaire national, sachant qu\u2019une r\u00e9flexion pr\u00e9alable a \u00e9t\u00e9 men\u00e9e avec les acteurs concern\u00e9s, dans le cadre du COMPACT II pour l\u2019appui \u00e0 la r\u00e9forme de la formation professionnelle priv\u00e9e, qui a permis d\u2019\u00e9tablir un diagnostic du dispositif et de faire \u00e9merger des propositions et des recommandations pour son am\u00e9lioration.<\/p>\n<\/div>\n<p>Auteur: Meriem IGASS<br \/>\n<a href=\"http:\/\/www.mapmarrakech.ma\/fr\/les-experts-de-la-formation-professionnelle-en-conclave-a-marrakech\/\">Cliquez ici pour lire l&rsquo;article depuis sa source.<\/a><\/p>\n","protected":false},"excerpt":{"rendered":"<p>Marrakech \u2013 \u00ab\u00a0Perspectives de d\u00e9veloppement de la formation professionnelle priv\u00e9e, vers un repositionnement du secteur\u00a0\u00bb est le th\u00e8me d\u2019un S\u00e9minaire national, dont les travaux ont d\u00e9marr\u00e9, lundi \u00e0 Marrakech, avec la participation d\u2019un ar\u00e9opage de responsables, d\u2019experts, d\u2019acteurs et de professionnels du secteur. Initi\u00e9 par le minist\u00e8re de l\u2019Education nationale, de la Formation professionnelle, de [&hellip;]<\/p>\n","protected":false},"author":1788,"featured_media":0,"comment_status":"closed","ping_status":"closed","sticky":false,"template":"","format":"standard","meta":{"fifu_image_url":"","fifu_image_alt":"","footnotes":""},"categories":[54,76],"tags":[],"class_list":["post-71030","post","type-post","status-publish","format-standard","hentry","category-maroc","category-regions"],"_links":{"self":[{"href":"https:\/\/linitiative.ca\/International\/wp-json\/wp\/v2\/posts\/71030","targetHints":{"allow":["GET"]}}],"collection":[{"href":"https:\/\/linitiative.ca\/International\/wp-json\/wp\/v2\/posts"}],"about":[{"href":"https:\/\/linitiative.ca\/International\/wp-json\/wp\/v2\/types\/post"}],"author":[{"embeddable":true,"href":"https:\/\/linitiative.ca\/International\/wp-json\/wp\/v2\/users\/1788"}],"replies":[{"embeddable":true,"href":"https:\/\/linitiative.ca\/International\/wp-json\/wp\/v2\/comments?post=71030"}],"version-history":[{"count":0,"href":"https:\/\/linitiative.ca\/International\/wp-json\/wp\/v2\/posts\/71030\/revisions"}],"wp:attachment":[{"href":"https:\/\/linitiative.ca\/International\/wp-json\/wp\/v2\/media?parent=71030"}],"wp:term":[{"taxonomy":"category","embeddable":true,"href":"https:\/\/linitiative.ca\/International\/wp-json\/wp\/v2\/categories?post=71030"},{"taxonomy":"post_tag","embeddable":true,"href":"https:\/\/linitiative.ca\/International\/wp-json\/wp\/v2\/tags?post=71030"}],"curies":[{"name":"wp","href":"https:\/\/api.w.org\/{rel}","templated":true}]}}